{"id":2509,"date":"2022-11-24T08:43:38","date_gmt":"2022-11-24T07:43:38","guid":{"rendered":"https:\/\/svetaobitelj.hr\/?p=2509"},"modified":"2022-11-27T13:41:53","modified_gmt":"2022-11-27T12:41:53","slug":"zupne-obavijesti-1-nedjelja-dosasca-5","status":"publish","type":"post","link":"https:\/\/svetaobitelj.hr\/?p=2509","title":{"rendered":"\u017dupne obavijesti: 1. nedjelja do\u0161a\u0161\u0107a"},"content":{"rendered":"\n<p>Slavimo prvu nedjelju do\u0161a\u0161\u0107a \u010dime zapo\u010dinje nova liturgijska ili crkvena godina. Vrijeme do\u0161a\u0161\u0107a je i vrijeme kada kao vjernici poma\u017eemo bra\u0107i i sestrama u potrebi. Prikupljanje prehrambenih proizvoda i higijenskih potrep\u0161tina za potrebite na\u0161e \u017dupe bit \u0107e do tre\u0107e nedjelje do\u0161a\u0161\u0107a. Caritas na\u0161e Nadbiskupije nastavlja s projektom \u201eDje\u010dja ko\u0161arica\u201c kao i projektom \u201eBla\u017eenije je davati nego primati\u201c \u010dime svojim nov\u010danim prilozima te hranom, higijenskim i dje\u010djim potrep\u0161tinama poma\u017eemo Caritasov Centar za majku i dijete, Pu\u010dku kuhinju i Centar za besku\u0107nike u Osijeku. Svoje<br>darove mo\u017eete donijeti u \u017eupni ured. <\/p>\n\n\n\n<p>Mise zornice svakog su radnog dana u 6 sati. <em>Sutra<\/em> je biblijski sat nakon ve\u010dernje svete mise. U<em> utorak<\/em> ne\u0107e biti \u017eupne kateheze. U <em>utorak <\/em>zapo\u010dinje u Franjeva\u010dkoj crkvi u Tvr\u0111i devetnica Gospi Osje\u010dkoj. Osje\u010dke \u017eupe hodo\u010daste svaku ve\u010der prema rasporedu kako je napisano na plakatu na oglasnoj plo\u010di. Na\u0161a \u017eupa hodo\u010dasti u nedjelju, 4. prosinca. U <em>subotu<\/em> \u0107emo pod ve\u010dernjom svetom misom moliti za duhovna zvanja budu\u0107i da je prva subota u mjesecu. <em>Sljede\u0107e nedjelje<\/em> slavimo drugu nedjelju do\u0161a\u0161\u0107a. Ujedno je i prva nedjelja u mjesecu kada svojim molitvama i nov\u010danim prilozima poma\u017eemo na\u0161im sjemeni\u0161tima te molimo za duhovna zvanja, a pod jutarnjom svetom misom molit \u0107emo za dobro\u010dinitelje ove na\u0161e crkve i samostana.<\/p>\n\n\n\n<p>Biskup Prosper Balthazar Lyimo, pomo\u0107ni biskup u Arushi, u Tanzaniji, boravi u na\u0161oj Nadbiskupiji do 11. prosinca ove godine. U na\u0161oj \u0107e \u017eupi biti na svetim misama u 9:00 i u 11:00 sati na tre\u0107u nedjelju do\u0161a\u0161\u0107a, 11. prosinca. \u017delja nam je da kroz vrijeme do\u0161a\u0161\u0107a prikupljamo nov\u010dana sredstva za potrebe misija u Arushi. Tko \u017eeli dati svoj nov\u010dani prilog za tu misiju mo\u0107i \u0107e to u\u010diniti nakon misa zornica do 10. prosinca kao i u \u017eupnom uredu. Vjerujemo da \u0107emo u ovo vrijeme do\u0161a\u0161\u0107a pokazati svoju djelotvornu ljubav prema potrebama misija kao \u0161to smo i do sada bili prepoznati u materijalnom darivanju i u molitvama.<\/p>\n\n\n\n<p>Pozvani smo uklju\u010diti se u akciju \u201eDjelo sv. Petra\u201c \u010dime poma\u017eemo misionarima uplatom misnih intencija. Tko \u017eeli na taj na\u010din pomo\u0107i, mo\u017ee u \u017eupnom uredu uplatiti misnu nakanu koja \u0107e biti proslije\u0111ena misionarima.<\/p>\n\n\n\n<p>Zahvalni za va\u0161u pomo\u0107 kojom poma\u017eete obnovu na\u0161ih crkava i samostana nastradalih u potresima, preporu\u010damo se i nadalje va\u0161oj dobroti. Svoj nov\u010dani prilog mo\u017eete dati u posebno ozna\u010denu \u0161krabicu pri izlazu iz crkve ili u \u017eupni ured ili direktno uplatiti na ra\u010dun koji se nalazi na plakatu ili letku.<\/p>\n\n\n\n<p>Molimo sve vas koji jo\u0161 nemate \u017eupnu obiteljsku knji\u017eicu ili je potrebno upisati promjene u postoje\u0107e, da se javite u \u017eupni ured. Kupujte i \u010ditajte katoli\u010dki vjerski tisak. U \u017eupnom uredu i gornjoj sakristiji mo\u017eete kupiti kalendare za sljede\u0107u godinu.<\/p>\n","protected":false},"excerpt":{"rendered":"<p>Slavimo prvu nedjelju do\u0161a\u0161\u0107a \u010dime zapo\u010dinje nova liturgijska ili crkvena godina. Vrijeme do\u0161a\u0161\u0107a je i vrijeme kada kao vjernici poma\u017eemo bra\u0107i i sestrama u potrebi. Prikupljanje prehrambenih proizvoda i higijenskih potrep\u0161tina za potrebite na\u0161e \u017dupe bit \u0107e do tre\u0107e nedjelje do\u0161a\u0161\u0107a. Caritas na\u0161e Nadbiskupije nastavlja s projektom \u201eDje\u010dja ko\u0161arica\u201c kao i projektom \u201eBla\u017eenije je davati <a href=\"https:\/\/svetaobitelj.hr\/?p=2509\" class=\"more-link\">[&hellip;]<\/a><\/p>\n","protected":false},"author":2,"featured_media":0,"comment_status":"closed","ping_status":"open","sticky":false,"template":"","format":"standard","meta":{"footnotes":""},"categories":[3],"tags":[],"class_list":["entry","author-","post-2509","post","type-post","status-publish","format-standard","category-zupa"],"_links":{"self":[{"href":"https:\/\/svetaobitelj.hr\/index.php?rest_route=\/wp\/v2\/posts\/2509","targetHints":{"allow":["GET"]}}],"collection":[{"href":"https:\/\/svetaobitelj.hr\/index.php?rest_route=\/wp\/v2\/posts"}],"about":[{"href":"https:\/\/svetaobitelj.hr\/index.php?rest_route=\/wp\/v2\/types\/post"}],"author":[{"embeddable":true,"href":"https:\/\/svetaobitelj.hr\/index.php?rest_route=\/wp\/v2\/users\/2"}],"replies":[{"embeddable":true,"href":"https:\/\/svetaobitelj.hr\/index.php?rest_route=%2Fwp%2Fv2%2Fcomments&post=2509"}],"version-history":[{"count":4,"href":"https:\/\/svetaobitelj.hr\/index.php?rest_route=\/wp\/v2\/posts\/2509\/revisions"}],"predecessor-version":[{"id":2518,"href":"https:\/\/svetaobitelj.hr\/index.php?rest_route=\/wp\/v2\/posts\/2509\/revisions\/2518"}],"wp:attachment":[{"href":"https:\/\/svetaobitelj.hr\/index.php?rest_route=%2Fwp%2Fv2%2Fmedia&parent=2509"}],"wp:term":[{"taxonomy":"category","embeddable":true,"href":"https:\/\/svetaobitelj.hr\/index.php?rest_route=%2Fwp%2Fv2%2Fcategories&post=2509"},{"taxonomy":"post_tag","embeddable":true,"href":"https:\/\/svetaobitelj.hr\/index.php?rest_route=%2Fwp%2Fv2%2Ftags&post=2509"}],"curies":[{"name":"wp","href":"https:\/\/api.w.org\/{rel}","templated":true}]}}