{"id":2486,"date":"2022-11-11T08:59:36","date_gmt":"2022-11-11T07:59:36","guid":{"rendered":"https:\/\/svetaobitelj.hr\/?p=2486"},"modified":"2022-11-11T08:59:36","modified_gmt":"2022-11-11T07:59:36","slug":"zupne-obavijesti-33-nedjelja-kroz-godinu-4","status":"publish","type":"post","link":"https:\/\/svetaobitelj.hr\/?p=2486","title":{"rendered":"\u017dupne obavijesti: 33. nedjelja kroz godinu"},"content":{"rendered":"\n<p>Slavimo trideset i tre\u0107u nedjelju kroz godinu. Redoviti mjese\u010dni susret Mjesnoga bratstva OFS-a je danas u 16:30 sati.<\/p>\n\n\n\n<p>U \u010detvrtak, 10. studenoga ove godine, u \u0110akovu je u Sve\u0107eni\u010dkom domu umro mons. Marko \u010coli\u0107, sve\u0107enik Beogradske nadbiskupije. Sprovod pre\u010d. Marka bit \u0107e sutra u njegovoj rodnoj \u017eupi u Pe\u0107niku, Bosna i Hercegovina, u 13 sati.<\/p>\n\n\n\n<p>U srijedu je redoviti sastanak na\u0161ih \u017eupnih vije\u0107a u 19:30 sati.<\/p>\n\n\n\n<p>U \u010detvrtak slavimo sv. Elizabetu Ugarsku, za\u0161titnicu Franjeva\u010dkoga svjetovnog reda. Klanjanje pred Presvetim je nakon ve\u010dernje svete mise.<\/p>\n\n\n\n<p>U petak, 18. studenoga, nadbiskupijsko je hodo\u010da\u0161\u0107e u Vukovar. Ne\u0107e biti jutarnje svete mise, a pod ve\u010dernjom svetom misom molit \u0107emo za poginule i nestale u obrani Vukovara.<\/p>\n\n\n\n<p>Sljede\u0107e nedjelje slavimo Nedjelju Krista Kralja svega stvorenja ili trideset i \u010detvrtu nedjelju kroz godinu. Pod ve\u010dernjom svetom misom molit \u0107emo za poginule, nestale i umrle hrvatske branitelje iz na\u0161e \u017eupe.<\/p>\n\n\n\n<p>Pozvani smo uklju\u010diti se u akciju \u201eDjelo sv. Petra\u201c \u010dime poma\u017eemo misionarima uplatom misnih intencija. Tko \u017eeli na taj na\u010din pomo\u0107i, mo\u017ee u \u017eupnom uredu uplatiti misnu nakanu koja \u0107e biti proslije\u0111ena misionarima.<\/p>\n\n\n\n<p>Zahvalni za va\u0161u pomo\u0107 kojom poma\u017eete obnovu na\u0161ih crkava i samostana nastradalih u potresima, preporu\u010damo se i nadalje va\u0161oj dobroti. Svoj nov\u010dani prilog mo\u017eete dati u posebno ozna\u010denu \u0161krabicu pri izlazu iz crkve ili u \u017eupni ured ili direktno uplatiti na ra\u010dun koji se nalazi na plakatu ili letku.<\/p>\n\n\n\n<p>Molimo sve vas koji jo\u0161 nemate \u017eupnu obiteljsku knji\u017eicu ili je potrebno upisati promjene u postoje\u0107e, da se javite u \u017eupni ured.<\/p>\n\n\n\n<p>Kupujte i \u010ditajte katoli\u010dki vjerski tisak. U \u017eupnom uredu i gornjoj sakristiji mo\u017eete kupiti kalendare za sljede\u0107u godinu.<\/p>\n","protected":false},"excerpt":{"rendered":"<p>Slavimo trideset i tre\u0107u nedjelju kroz godinu. Redoviti mjese\u010dni susret Mjesnoga bratstva OFS-a je danas u 16:30 sati. U \u010detvrtak, 10. studenoga ove godine, u \u0110akovu je u Sve\u0107eni\u010dkom domu umro mons. Marko \u010coli\u0107, sve\u0107enik Beogradske nadbiskupije. Sprovod pre\u010d. Marka bit \u0107e sutra u njegovoj rodnoj \u017eupi u Pe\u0107niku, Bosna i Hercegovina, u 13 sati. <a href=\"https:\/\/svetaobitelj.hr\/?p=2486\" class=\"more-link\">[&hellip;]<\/a><\/p>\n","protected":false},"author":2,"featured_media":0,"comment_status":"closed","ping_status":"open","sticky":false,"template":"","format":"standard","meta":{"footnotes":""},"categories":[3],"tags":[],"class_list":["entry","author-","post-2486","post","type-post","status-publish","format-standard","category-zupa"],"_links":{"self":[{"href":"https:\/\/svetaobitelj.hr\/index.php?rest_route=\/wp\/v2\/posts\/2486","targetHints":{"allow":["GET"]}}],"collection":[{"href":"https:\/\/svetaobitelj.hr\/index.php?rest_route=\/wp\/v2\/posts"}],"about":[{"href":"https:\/\/svetaobitelj.hr\/index.php?rest_route=\/wp\/v2\/types\/post"}],"author":[{"embeddable":true,"href":"https:\/\/svetaobitelj.hr\/index.php?rest_route=\/wp\/v2\/users\/2"}],"replies":[{"embeddable":true,"href":"https:\/\/svetaobitelj.hr\/index.php?rest_route=%2Fwp%2Fv2%2Fcomments&post=2486"}],"version-history":[{"count":1,"href":"https:\/\/svetaobitelj.hr\/index.php?rest_route=\/wp\/v2\/posts\/2486\/revisions"}],"predecessor-version":[{"id":2487,"href":"https:\/\/svetaobitelj.hr\/index.php?rest_route=\/wp\/v2\/posts\/2486\/revisions\/2487"}],"wp:attachment":[{"href":"https:\/\/svetaobitelj.hr\/index.php?rest_route=%2Fwp%2Fv2%2Fmedia&parent=2486"}],"wp:term":[{"taxonomy":"category","embeddable":true,"href":"https:\/\/svetaobitelj.hr\/index.php?rest_route=%2Fwp%2Fv2%2Fcategories&post=2486"},{"taxonomy":"post_tag","embeddable":true,"href":"https:\/\/svetaobitelj.hr\/index.php?rest_route=%2Fwp%2Fv2%2Ftags&post=2486"}],"curies":[{"name":"wp","href":"https:\/\/api.w.org\/{rel}","templated":true}]}}