{"id":2467,"date":"2022-10-27T10:14:40","date_gmt":"2022-10-27T09:14:40","guid":{"rendered":"https:\/\/svetaobitelj.hr\/?p=2467"},"modified":"2022-10-27T10:14:41","modified_gmt":"2022-10-27T09:14:41","slug":"zupne-obavijesti-31-nedjelja-kroz-godinu-4","status":"publish","type":"post","link":"https:\/\/svetaobitelj.hr\/?p=2467","title":{"rendered":"\u017dupne obavijesti: 31. nedjelja kroz godinu"},"content":{"rendered":"\n<p>Slavimo trideset i prvu nedjelju kroz godinu.<\/p>\n\n\n\n<p>Ovaj tjedan ne\u0107e biti \u017eupnih kateheza.<\/p>\n\n\n\n<p>Sutra zavr\u0161avaju listopadske pobo\u017enosti, a biblijski sat je nakon ve\u010dernje svete mise.<\/p>\n\n\n\n<p>U utorak slavimo zapovijedanu svetkovinu \u2013 Svi sveti. Mise su prema nedjeljnom rasporedu: 7:00, 9:00, 11:00 i 18:30 sati.<\/p>\n\n\n\n<p>U srijedu slavimo spomen svih vjernih mrtvih \u2013 Du\u0161ni dan. Svete mise su u 7:30 i 18:30 sati. Susret na\u0161e \u017eupne molitvene zajednice je nakon ve\u010dernje svete mise.<\/p>\n\n\n\n<p>U \u010detvrtak je klanjanje pred Presvetim nakon ve\u010dernje svete mise.<\/p>\n\n\n\n<p>U subotu pod ve\u010dernjom svetom misom molimo za duhovna zvanja budu\u0107i da je prva subota u mjesecu.<\/p>\n\n\n\n<p>Sljede\u0107e nedjelje slavimo trideset i drugu nedjelju kroz godinu, a ujedno je prva nedjelja u mjesecu kada se svojim molitvama i nov\u010danim prilozima sje\u0107amo na\u0161ih sjemeni\u0161ta te molimo za duhovna zvanja. Pod jutarnjom svetom misom molit \u0107emo za dobro\u010dinitelje na\u0161e crkve i samostana. <\/p>\n\n\n\n<p>Na 33. nedjelju kroz godinu, tj. 13. studenoga ove godine, u \u017eupama na\u0161e \u0110akova\u010dko-osje\u010dke nadbiskupije obilje\u017eit \u0107e se Nedjelja bra\u010dnih jubileja. Svi koji slavite 20, 25, 30, 40, 50 godina braka ili vi\u0161e od toga, javite se tijekom tjedna u \u017eupni ured kako bi se zajedni\u010dki pripremili za slavlje u na\u0161oj \u017eupi koje \u0107e biti pod svetom misom te nedjelje u 9:00 sati.<\/p>\n\n\n\n<p>Pozvani smo uklju\u010diti se u akciju \u201eDjelo sv. Petra\u201c \u010dime poma\u017eemo misionarima uplatom misnih intencija. Tko \u017eeli na taj na\u010din pomo\u0107i, mo\u017ee u \u017eupnom uredu uplatiti misnu nakanu koja \u0107e biti proslije\u0111ena misionarima.<\/p>\n\n\n\n<p>Zahvalni za va\u0161u pomo\u0107 kojom poma\u017eete obnovu na\u0161ih crkava i samostana nastradalih u potresima, preporu\u010damo se i nadalje va\u0161oj dobroti. Svoj nov\u010dani prilog mo\u017eete dati u posebno ozna\u010denu \u0161krabicu pri izlazu iz crkve ili u \u017eupni ured ili direktno uplatiti na ra\u010dun koji se nalazi na plakatu ili letku.<\/p>\n\n\n\n<p>Molimo sve vas koji jo\u0161 nemate \u017eupnu obiteljsku knji\u017eicu ili je potrebno upisati promjene u postoje\u0107e, da se javite u \u017eupni ured. Kupujte i \u010ditajte katoli\u010dki vjerski tisak. U \u017eupnom uredu i gornjoj sakristiji mo\u017eete kupiti kalendare za sljede\u0107u godinu.<\/p>\n","protected":false},"excerpt":{"rendered":"<p>Slavimo trideset i prvu nedjelju kroz godinu. Ovaj tjedan ne\u0107e biti \u017eupnih kateheza. Sutra zavr\u0161avaju listopadske pobo\u017enosti, a biblijski sat je nakon ve\u010dernje svete mise. U utorak slavimo zapovijedanu svetkovinu \u2013 Svi sveti. Mise su prema nedjeljnom rasporedu: 7:00, 9:00, 11:00 i 18:30 sati. U srijedu slavimo spomen svih vjernih mrtvih \u2013 Du\u0161ni dan. Svete <a href=\"https:\/\/svetaobitelj.hr\/?p=2467\" class=\"more-link\">[&hellip;]<\/a><\/p>\n","protected":false},"author":2,"featured_media":0,"comment_status":"closed","ping_status":"open","sticky":false,"template":"","format":"standard","meta":{"footnotes":""},"categories":[3],"tags":[],"class_list":["entry","author-","post-2467","post","type-post","status-publish","format-standard","category-zupa"],"_links":{"self":[{"href":"https:\/\/svetaobitelj.hr\/index.php?rest_route=\/wp\/v2\/posts\/2467","targetHints":{"allow":["GET"]}}],"collection":[{"href":"https:\/\/svetaobitelj.hr\/index.php?rest_route=\/wp\/v2\/posts"}],"about":[{"href":"https:\/\/svetaobitelj.hr\/index.php?rest_route=\/wp\/v2\/types\/post"}],"author":[{"embeddable":true,"href":"https:\/\/svetaobitelj.hr\/index.php?rest_route=\/wp\/v2\/users\/2"}],"replies":[{"embeddable":true,"href":"https:\/\/svetaobitelj.hr\/index.php?rest_route=%2Fwp%2Fv2%2Fcomments&post=2467"}],"version-history":[{"count":1,"href":"https:\/\/svetaobitelj.hr\/index.php?rest_route=\/wp\/v2\/posts\/2467\/revisions"}],"predecessor-version":[{"id":2468,"href":"https:\/\/svetaobitelj.hr\/index.php?rest_route=\/wp\/v2\/posts\/2467\/revisions\/2468"}],"wp:attachment":[{"href":"https:\/\/svetaobitelj.hr\/index.php?rest_route=%2Fwp%2Fv2%2Fmedia&parent=2467"}],"wp:term":[{"taxonomy":"category","embeddable":true,"href":"https:\/\/svetaobitelj.hr\/index.php?rest_route=%2Fwp%2Fv2%2Fcategories&post=2467"},{"taxonomy":"post_tag","embeddable":true,"href":"https:\/\/svetaobitelj.hr\/index.php?rest_route=%2Fwp%2Fv2%2Ftags&post=2467"}],"curies":[{"name":"wp","href":"https:\/\/api.w.org\/{rel}","templated":true}]}}