{"id":2436,"date":"2022-10-06T11:16:34","date_gmt":"2022-10-06T10:16:34","guid":{"rendered":"https:\/\/svetaobitelj.hr\/?p=2436"},"modified":"2022-10-06T12:17:39","modified_gmt":"2022-10-06T11:17:39","slug":"sveti-franjo-2","status":"publish","type":"post","link":"https:\/\/svetaobitelj.hr\/?p=2436","title":{"rendered":"Sveti Franjo"},"content":{"rendered":"\n<div class=\"wp-block-image\"><figure class=\"aligncenter size-large\"><img loading=\"lazy\" decoding=\"async\" width=\"1024\" height=\"768\" src=\"https:\/\/svetaobitelj.hr\/wp-content\/uploads\/2022\/10\/Slika-1-1024x768.jpg\" alt=\"\" class=\"wp-image-2437\" srcset=\"https:\/\/svetaobitelj.hr\/wp-content\/uploads\/2022\/10\/Slika-1-1024x768.jpg 1024w, https:\/\/svetaobitelj.hr\/wp-content\/uploads\/2022\/10\/Slika-1-300x225.jpg 300w, https:\/\/svetaobitelj.hr\/wp-content\/uploads\/2022\/10\/Slika-1-768x576.jpg 768w, https:\/\/svetaobitelj.hr\/wp-content\/uploads\/2022\/10\/Slika-1-1536x1152.jpg 1536w, https:\/\/svetaobitelj.hr\/wp-content\/uploads\/2022\/10\/Slika-1.jpg 1600w\" sizes=\"auto, (max-width: 1024px) 100vw, 1024px\" \/><\/figure><\/div>\n\n\n\n<p>I ove godine, u na\u0161oj \u017eupnoj crkvi Svete Obitelji u Osijeku sve\u010dano smo proslavlili svetkovinu svetog Franje Asi\u0161koga, utemeljitelja franjeva\u010dkih redova. Svetkovini je prethodila trodnevnica, koja je zapo\u010dela u subotu ve\u010dernjom svetom misom i klanjanjem pred Presvetim. U nedjelju, drugog dana trodnevnice, nakon svih svetih misa \u010dlanovi mjesnog bratstva OFS-a su svojim svjedo\u010danstvima nastojali pojasniti \u017eupljanima \u0161to zapravo zna\u010di biti tre\u0107oredac svjetovnjak, te kako se \u017eivi u franjeva\u010dkom svjetovnom redu i na taj na\u010din potaknuti \u017eupljane na razmi\u0161ljanje i oslu\u0161kivanje poziva u red. Tre\u0107eg dana trodnevnice ispred kipa sv. Franje proslavljen je Obred preminu\u0107a sv. Franje Asi\u0161koga nakon \u010dega je uslijedila procesija s upaljenim svije\u0107ama, te sveta misa. Na sam dan svetkovine 4. listopada u \u017dupi Svete Obitelji na osje\u010dkom Jugu 2, za vrijeme euharistijskog slavlja kojeg je predvodio fra Dragutin Bedeni\u010di\u0107, \u017eupnik i duhovni asistent OFS-a uz koncelebraciju fra Stjepana Hrka\u010da i fra Miroslava Petraca, trajne zavjete u Franjeva\u010dkom svjetovnom redu dale su sestre Ana, Blanka i Ivanka, a sestra Nada je zatra\u017eila prijem u Franjeva\u010dki svjetovni red, te je pristupila u novicijat. Misnom slavlju nazo\u010dili su tre\u0107oredci mjesnog bratstva \u017dupe Svete Obitelji, koji su svojom molitvom i prisutno\u0161\u0107u ohrabrili sestre na njihovom budu\u0107em putu. U prigodnoj homiliji, fra Dragutin se osvrnuo na probleme s kojima se tre\u0107oredci susre\u0107u u \u017eivotu poku\u0161avaju\u0107i \u017eivjeti \u017eivu vjeru slijede\u0107i stope serafskog oca sv. Franje Asi\u0161kog, te pozvao nazo\u010dne tre\u0107oredce da se prisjete svojih zavjeta isti\u010du\u0107i jo\u0161 jednom pitanje pridr\u017eavaju li se, opslu\u017euju li i \u017eive li pravila franjeva\u010dkog svjetovnog reda?<\/p>\n\n\n\n<figure class=\"wp-block-image size-large\"><img loading=\"lazy\" decoding=\"async\" width=\"1024\" height=\"768\" src=\"https:\/\/svetaobitelj.hr\/wp-content\/uploads\/2022\/10\/Slika-2-1024x768.jpg\" alt=\"\" class=\"wp-image-2438\" srcset=\"https:\/\/svetaobitelj.hr\/wp-content\/uploads\/2022\/10\/Slika-2-1024x768.jpg 1024w, https:\/\/svetaobitelj.hr\/wp-content\/uploads\/2022\/10\/Slika-2-300x225.jpg 300w, https:\/\/svetaobitelj.hr\/wp-content\/uploads\/2022\/10\/Slika-2-768x576.jpg 768w, https:\/\/svetaobitelj.hr\/wp-content\/uploads\/2022\/10\/Slika-2-1536x1152.jpg 1536w, https:\/\/svetaobitelj.hr\/wp-content\/uploads\/2022\/10\/Slika-2.jpg 1600w\" sizes=\"auto, (max-width: 1024px) 100vw, 1024px\" \/><\/figure>\n\n\n\n<figure class=\"wp-block-image size-large\"><img loading=\"lazy\" decoding=\"async\" width=\"1024\" height=\"768\" src=\"https:\/\/svetaobitelj.hr\/wp-content\/uploads\/2022\/10\/Slika-3-1024x768.jpg\" alt=\"\" class=\"wp-image-2439\" srcset=\"https:\/\/svetaobitelj.hr\/wp-content\/uploads\/2022\/10\/Slika-3-1024x768.jpg 1024w, https:\/\/svetaobitelj.hr\/wp-content\/uploads\/2022\/10\/Slika-3-300x225.jpg 300w, https:\/\/svetaobitelj.hr\/wp-content\/uploads\/2022\/10\/Slika-3-768x576.jpg 768w, https:\/\/svetaobitelj.hr\/wp-content\/uploads\/2022\/10\/Slika-3-1536x1152.jpg 1536w, https:\/\/svetaobitelj.hr\/wp-content\/uploads\/2022\/10\/Slika-3.jpg 1600w\" sizes=\"auto, (max-width: 1024px) 100vw, 1024px\" \/><\/figure>\n","protected":false},"excerpt":{"rendered":"<p>I ove godine, u na\u0161oj \u017eupnoj crkvi Svete Obitelji u Osijeku sve\u010dano smo proslavlili svetkovinu svetog Franje Asi\u0161koga, utemeljitelja franjeva\u010dkih redova. Svetkovini je prethodila trodnevnica, koja je zapo\u010dela u subotu ve\u010dernjom svetom misom i klanjanjem pred Presvetim. U nedjelju, drugog dana trodnevnice, nakon svih svetih misa \u010dlanovi mjesnog bratstva OFS-a su svojim svjedo\u010danstvima nastojali pojasniti <a href=\"https:\/\/svetaobitelj.hr\/?p=2436\" class=\"more-link\">[&hellip;]<\/a><\/p>\n","protected":false},"author":2,"featured_media":0,"comment_status":"closed","ping_status":"open","sticky":false,"template":"","format":"standard","meta":{"footnotes":""},"categories":[3],"tags":[],"class_list":["entry","author-","post-2436","post","type-post","status-publish","format-standard","category-zupa"],"_links":{"self":[{"href":"https:\/\/svetaobitelj.hr\/index.php?rest_route=\/wp\/v2\/posts\/2436","targetHints":{"allow":["GET"]}}],"collection":[{"href":"https:\/\/svetaobitelj.hr\/index.php?rest_route=\/wp\/v2\/posts"}],"about":[{"href":"https:\/\/svetaobitelj.hr\/index.php?rest_route=\/wp\/v2\/types\/post"}],"author":[{"embeddable":true,"href":"https:\/\/svetaobitelj.hr\/index.php?rest_route=\/wp\/v2\/users\/2"}],"replies":[{"embeddable":true,"href":"https:\/\/svetaobitelj.hr\/index.php?rest_route=%2Fwp%2Fv2%2Fcomments&post=2436"}],"version-history":[{"count":2,"href":"https:\/\/svetaobitelj.hr\/index.php?rest_route=\/wp\/v2\/posts\/2436\/revisions"}],"predecessor-version":[{"id":2441,"href":"https:\/\/svetaobitelj.hr\/index.php?rest_route=\/wp\/v2\/posts\/2436\/revisions\/2441"}],"wp:attachment":[{"href":"https:\/\/svetaobitelj.hr\/index.php?rest_route=%2Fwp%2Fv2%2Fmedia&parent=2436"}],"wp:term":[{"taxonomy":"category","embeddable":true,"href":"https:\/\/svetaobitelj.hr\/index.php?rest_route=%2Fwp%2Fv2%2Fcategories&post=2436"},{"taxonomy":"post_tag","embeddable":true,"href":"https:\/\/svetaobitelj.hr\/index.php?rest_route=%2Fwp%2Fv2%2Ftags&post=2436"}],"curies":[{"name":"wp","href":"https:\/\/api.w.org\/{rel}","templated":true}]}}