{"id":2427,"date":"2022-09-30T09:26:58","date_gmt":"2022-09-30T08:26:58","guid":{"rendered":"https:\/\/svetaobitelj.hr\/?p=2427"},"modified":"2022-09-30T09:26:58","modified_gmt":"2022-09-30T08:26:58","slug":"zupne-obavijesti-27-nedjelja-kroz-godinu-5","status":"publish","type":"post","link":"https:\/\/svetaobitelj.hr\/?p=2427","title":{"rendered":"\u017dupne obavijesti: 27. nedjelja kroz godinu"},"content":{"rendered":"\n<p>Slavimo dvadeset i sedmu nedjelju kroz godinu. Prva je nedjelja u mjesecu kada se svojim molitvama i nov\u010danim prilozima sje\u0107amo na\u0161ih sjemeni\u0161ta te molimo za duhovna zvanja. Svoj nov\u010dani dar za sjemeni\u0161ta mo\u017eete dati na izlazu iz crkve.<\/p>\n\n\n\n<p>Sutra slavimo Obred preminu\u0107a sv. Franje Asi\u0161koga s po\u010detkom u 18:30 sati ispred njegova kipa nakon \u010dega slijedi procesija s upaljenim svije\u0107ama te sveta misa. Ponesite sa sobom svije\u0107e. Biblijski sat je nakon ve\u010dernje svete mise.<\/p>\n\n\n\n<p>U utorak slavimo svetoga Franju Asi\u0161koga, utemeljitelja franjeva\u010dkih redova. Svete mise su u 7:30 i 18:30 sati. Pod ve\u010dernjom svetom misom bit \u0107e slavlje sve\u010danih zavjeta triju \u010dlanica Franjeva\u010dkoga svjetovnog reda kao i slavlje ulaska u novicijat OFS-a.<\/p>\n\n\n\n<p>U srijedu u Samoboru zapo\u010dinje Izvanredni kapitul na\u0161e Hrvatske franjeva\u010dke provincije sv. \u0106irila i Metoda na kojem \u0107e biti tema o Zadarskoj provinciji sv. Jeronima koja bi trebala postati Kustodija ovisna o na\u0161oj Provinciji. Nakon ve\u010dernje svete mise susret je na\u0161e \u017eupne molitvene skupine.<\/p>\n\n\n\n<p>U \u010detvrtak je klanjanje pred Presvetim nakon ve\u010dernje svete mise. <\/p>\n\n\n\n<p>U subotu, 8. listopada ove godine, kardinal Josip Bozani\u0107 zaredit \u0107e za \u0111akone u \u017eupnoj crkvi sv. Ivana XXIII, pape, u Dubravi u Zagrebu, na\u0161u bra\u0107u fra Ivicu Beri\u0161i\u0107a iz Zagreba, fra Marijana Ligenzu iz Ru\u0161eva i fra Ivana Maji\u0107a iz Ka\u0161tel Luk\u0161i\u0107a.<\/p>\n\n\n\n<p>Sljede\u0107e nedjelje slavimo dvadeset i osmu nedjelju kroz godinu. Redoviti mjese\u010dni susret Mjesnoga bratstva OFS-a bit \u0107e u 16:30 sati. <\/p>\n\n\n\n<p>Pretposljednja nedjelja u listopadu je Misijska nedjelja. \u017delja nam je da se u ovom mjesecu konkretnije pripremamo za tu nedjelju kao i da svojim molitvama i nov\u010danim prilozima poma\u017eemo djelovanje misionara diljem svijeta. Svoj nov\u010dani prilog mo\u0107i \u0107ete dati u \u017eupnom uredu kao i nakon svetih misa.<\/p>\n\n\n\n<p>Susret roditelja djece od prvoga razreda osnovne \u0161kole do drugoga razreda srednje \u0161kole bit \u0107e u utorak, 11. listopada. Susret zapo\u010dinje molitvom krunice u 18:00 sati, nakon \u010dega slijedi sveta misa u 18:30 i nastavak susreta nakon te mise. Svi su roditelji obvezni do\u0107i.<\/p>\n\n\n\n<p>Pozvani smo uklju\u010diti se u akciju \u201eDjelo sv. Petra\u201c \u010dime poma\u017eemo misionarima uplatom misnih intencija. Tko \u017eeli na taj na\u010din pomo\u0107i, mo\u017ee u \u017eupnom uredu uplatiti misnu nakanu koja \u0107e biti proslije\u0111ena misionarima.<\/p>\n\n\n\n<p>Zahvalni za va\u0161u pomo\u0107 kojom poma\u017eete obnovu na\u0161ih crkava i samostana nastradalih u potresima, preporu\u010damo se i nadalje va\u0161oj dobroti. Svoj nov\u010dani prilog mo\u017eete dati u posebno ozna\u010denu \u0161krabicu pri izlazu iz crkve ili u \u017eupni ured ili direktno uplatiti na ra\u010dun koji se nalazi na plakatu ili letku.<\/p>\n\n\n\n<p>Molimo sve vas koji jo\u0161 nemate \u017eupnu obiteljsku knji\u017eicu ili je potrebno upisati promjene u postoje\u0107e, da se javite u \u017eupni ured.<\/p>\n\n\n\n<p>Kupujte i \u010ditajte katoli\u010dki vjerski tisak. U \u017eupnom uredu i gornjoj sakristiji mo\u017eete kupiti kalendare za sljede\u0107u godinu.<\/p>\n","protected":false},"excerpt":{"rendered":"<p>Slavimo dvadeset i sedmu nedjelju kroz godinu. Prva je nedjelja u mjesecu kada se svojim molitvama i nov\u010danim prilozima sje\u0107amo na\u0161ih sjemeni\u0161ta te molimo za duhovna zvanja. Svoj nov\u010dani dar za sjemeni\u0161ta mo\u017eete dati na izlazu iz crkve. Sutra slavimo Obred preminu\u0107a sv. Franje Asi\u0161koga s po\u010detkom u 18:30 sati ispred njegova kipa nakon \u010dega <a href=\"https:\/\/svetaobitelj.hr\/?p=2427\" class=\"more-link\">[&hellip;]<\/a><\/p>\n","protected":false},"author":2,"featured_media":0,"comment_status":"closed","ping_status":"open","sticky":false,"template":"","format":"standard","meta":{"footnotes":""},"categories":[3],"tags":[],"class_list":["entry","author-","post-2427","post","type-post","status-publish","format-standard","category-zupa"],"_links":{"self":[{"href":"https:\/\/svetaobitelj.hr\/index.php?rest_route=\/wp\/v2\/posts\/2427","targetHints":{"allow":["GET"]}}],"collection":[{"href":"https:\/\/svetaobitelj.hr\/index.php?rest_route=\/wp\/v2\/posts"}],"about":[{"href":"https:\/\/svetaobitelj.hr\/index.php?rest_route=\/wp\/v2\/types\/post"}],"author":[{"embeddable":true,"href":"https:\/\/svetaobitelj.hr\/index.php?rest_route=\/wp\/v2\/users\/2"}],"replies":[{"embeddable":true,"href":"https:\/\/svetaobitelj.hr\/index.php?rest_route=%2Fwp%2Fv2%2Fcomments&post=2427"}],"version-history":[{"count":1,"href":"https:\/\/svetaobitelj.hr\/index.php?rest_route=\/wp\/v2\/posts\/2427\/revisions"}],"predecessor-version":[{"id":2428,"href":"https:\/\/svetaobitelj.hr\/index.php?rest_route=\/wp\/v2\/posts\/2427\/revisions\/2428"}],"wp:attachment":[{"href":"https:\/\/svetaobitelj.hr\/index.php?rest_route=%2Fwp%2Fv2%2Fmedia&parent=2427"}],"wp:term":[{"taxonomy":"category","embeddable":true,"href":"https:\/\/svetaobitelj.hr\/index.php?rest_route=%2Fwp%2Fv2%2Fcategories&post=2427"},{"taxonomy":"post_tag","embeddable":true,"href":"https:\/\/svetaobitelj.hr\/index.php?rest_route=%2Fwp%2Fv2%2Ftags&post=2427"}],"curies":[{"name":"wp","href":"https:\/\/api.w.org\/{rel}","templated":true}]}}