{"id":2425,"date":"2022-09-24T09:06:36","date_gmt":"2022-09-24T08:06:36","guid":{"rendered":"http:\/\/svetaobitelj.hr\/?p=2425"},"modified":"2022-09-24T09:06:36","modified_gmt":"2022-09-24T08:06:36","slug":"zupne-obavijesti-26-nedjelja-kroz-godinu-5","status":"publish","type":"post","link":"https:\/\/svetaobitelj.hr\/?p=2425","title":{"rendered":"\u017dupne obavijesti: 26. nedjelja kroz godinu"},"content":{"rendered":"\n<p><strong>Slavimo dvadeset i \u0161estu nedjelju kroz godinu.<\/strong><\/p>\n\n\n\n<p><strong>U srijedu je nakon ve\u010dernje svete mise susret na\u0161e \u017eupne molitvene skupine.<\/strong><\/p>\n\n\n\n<p><strong>U \u010detvrtak slavimo arkan\u0111ele sv. Mihaela, Gabrijela i Rafaela. Svete mise su u 7:30 i 18:30 sati. Crkveni je god u \u017eupi sv. Mihaela u Osijeku.<\/strong><\/p>\n\n\n\n<p><strong>U subotu zapo\u010dinju listopadske pobo\u017enosti u 18:00 sati, a ve\u010dernjom svetom misom zapo\u010dinje trodnevna duhovna priprava za blagdan sv. Franje Asi\u0161koga. Pod tom svetom misom molit \u0107emo za duhovna zvanja, budu\u0107i da je prva subota u mjesecu, a klanjanje pred Presvetim bit \u0107e nakon te mise.<\/strong><\/p>\n\n\n\n<p><strong>Sljede\u0107e nedjelje slavimo dvadeset i sedmu nedjelju kroz godinu. Prva je nedjelja u mjesecu kada se svojim molitvama i nov\u010danim prilozima sje\u0107amo na\u0161ih sjemeni\u0161ta te molimo za duhovna zvanja. Pod jutarnjom svetom misom molit \u0107emo za dobro\u010dinitelje ove na\u0161e crkve i samostana.<\/strong><\/p>\n\n\n\n<p><strong>Susret roditelja djece od prvoga razreda osnovne \u0161kole do drugoga razreda srednje \u0161kole bit \u0107e u utorak, 11. listopada. Susret zapo\u010dinje molitvom krunice u 18:00 sati, nakon \u010dega slijedi sveta misa u 18:30 i nastavak susreta nakon te mise. Svi su roditelji obvezni do\u0107i.<\/strong><\/p>\n\n\n\n<p><strong>Protekli tjedan primali smo prijave za \u017eupne kateheze. Prijavljeno je: prvi razredi osnovne \u0161kole 42 u\u010denika, drugi razredi osnovne \u0161kole 23 u\u010denika, tre\u0107i razredi osnovne \u0161kole 66 u\u010denika, osmi razredi osnovne \u0161kole 45 u\u010denika, prvi razredi srednje \u0161kole 33 u\u010denika, drugi razredi srednje \u0161kole 49 u\u010denika.<\/strong><\/p>\n\n\n\n<p><strong>Pretposljednja nedjelja u listopadu je Misijska nedjelja. \u017delja nam je da se u listopadu konkretnije pripremamo za tu nedjelju kao i da svojim molitvama i nov\u010danim prilozima poma\u017eemo djelovanje misionara diljem svijeta. Svoj nov\u010dani prilog mo\u0107i \u0107ete dati u \u017eupnom uredu kao i nakon svetih misa.<\/strong><\/p>\n\n\n\n<p><strong>Pozvani smo uklju\u010diti se u akciju \u201eDjelo sv. Petra\u201c \u010dime poma\u017eemo misionarima uplatom misnih intencija. Tko \u017eeli na taj na\u010din pomo\u0107i, mo\u017ee u \u017eupnom uredu uplatiti misnu nakanu koja \u0107e biti proslije\u0111ena misionarima.&nbsp; <\/strong><strong><\/strong><\/p>\n\n\n\n<p><strong>Zahvalni za va\u0161u pomo\u0107 kojom poma\u017eete obnovu na\u0161ih crkava i samostana nastradalih u potresima, preporu\u010damo se i nadalje va\u0161oj dobroti. Svoj nov\u010dani prilog mo\u017eete dati u posebno ozna\u010denu \u0161krabicu pri izlazu iz crkve ili u \u017eupni ured ili direktno uplatiti na ra\u010dun koji se nalazi na plakatu ili letku.<\/strong><\/p>\n\n\n\n<p><strong>Molimo sve vas koji jo\u0161 nemate \u017eupnu obiteljsku knji\u017eicu ili je potrebno upisati promjene u postoje\u0107e, da se javite u \u017eupni ured. Kupujte i \u010ditajte katoli\u010dki vjerski tisak. U \u017eupnom uredu i gornjoj sakristiji mo\u017eete kupiti kalendare za sljede\u0107u godinu.<\/strong><\/p>\n\n\n\n<p><\/p>\n","protected":false},"excerpt":{"rendered":"<p>Slavimo dvadeset i \u0161estu nedjelju kroz godinu. U srijedu je nakon ve\u010dernje svete mise susret na\u0161e \u017eupne molitvene skupine. U \u010detvrtak slavimo arkan\u0111ele sv. Mihaela, Gabrijela i Rafaela. Svete mise su u 7:30 i 18:30 sati. Crkveni je god u \u017eupi sv. Mihaela u Osijeku. U subotu zapo\u010dinju listopadske pobo\u017enosti u 18:00 sati, a ve\u010dernjom <a href=\"https:\/\/svetaobitelj.hr\/?p=2425\" class=\"more-link\">[&hellip;]<\/a><\/p>\n","protected":false},"author":2,"featured_media":0,"comment_status":"closed","ping_status":"open","sticky":false,"template":"","format":"standard","meta":{"footnotes":""},"categories":[3],"tags":[],"class_list":["entry","author-","post-2425","post","type-post","status-publish","format-standard","category-zupa"],"_links":{"self":[{"href":"https:\/\/svetaobitelj.hr\/index.php?rest_route=\/wp\/v2\/posts\/2425","targetHints":{"allow":["GET"]}}],"collection":[{"href":"https:\/\/svetaobitelj.hr\/index.php?rest_route=\/wp\/v2\/posts"}],"about":[{"href":"https:\/\/svetaobitelj.hr\/index.php?rest_route=\/wp\/v2\/types\/post"}],"author":[{"embeddable":true,"href":"https:\/\/svetaobitelj.hr\/index.php?rest_route=\/wp\/v2\/users\/2"}],"replies":[{"embeddable":true,"href":"https:\/\/svetaobitelj.hr\/index.php?rest_route=%2Fwp%2Fv2%2Fcomments&post=2425"}],"version-history":[{"count":1,"href":"https:\/\/svetaobitelj.hr\/index.php?rest_route=\/wp\/v2\/posts\/2425\/revisions"}],"predecessor-version":[{"id":2426,"href":"https:\/\/svetaobitelj.hr\/index.php?rest_route=\/wp\/v2\/posts\/2425\/revisions\/2426"}],"wp:attachment":[{"href":"https:\/\/svetaobitelj.hr\/index.php?rest_route=%2Fwp%2Fv2%2Fmedia&parent=2425"}],"wp:term":[{"taxonomy":"category","embeddable":true,"href":"https:\/\/svetaobitelj.hr\/index.php?rest_route=%2Fwp%2Fv2%2Fcategories&post=2425"},{"taxonomy":"post_tag","embeddable":true,"href":"https:\/\/svetaobitelj.hr\/index.php?rest_route=%2Fwp%2Fv2%2Ftags&post=2425"}],"curies":[{"name":"wp","href":"https:\/\/api.w.org\/{rel}","templated":true}]}}