{"id":2384,"date":"2022-08-04T07:48:39","date_gmt":"2022-08-04T06:48:39","guid":{"rendered":"https:\/\/svetaobitelj.hr\/?p=2384"},"modified":"2022-08-04T07:48:39","modified_gmt":"2022-08-04T06:48:39","slug":"zupne-obavijesti-19-nedjelja-kroz-godinu-5","status":"publish","type":"post","link":"https:\/\/svetaobitelj.hr\/?p=2384","title":{"rendered":"\u017dupne obavijesti: 19. nedjelja kroz godinu"},"content":{"rendered":"\n<p>Slavimo devetnaestu nedjelju kroz godinu. Prva je nedjelja u mjesecu kada svojim molitvama i nov\u010danim prilozima poma\u017eemo na\u0161im sjemeni\u0161tima te molimo za duhovna zvanja. Svoj nov\u010dani dar za sjemeni\u0161ta mo\u017eete dati na izlazu iz crkve.<\/p>\n\n\n\n<p>Sutra slavimo sv. Dominika, osniva\u010da dominikanskoga reda.<\/p>\n\n\n\n<p>U utorak slavimo sv. Tereziju Benediktu od Kri\u017ea (Edit Stein), djevicu i mu\u010denicu, suza\u0161titnicu Europe, a u 18:15 je pobo\u017enost na \u010dast bl. Mariji od Propetoga Isusa Petkovi\u0107.<\/p>\n\n\n\n<p>U srijedu slavimo sv. Lovru, \u0111akona i mu\u010denika.<\/p>\n\n\n\n<p>U \u010detvrtak slavimo sv. Klaru Asi\u0161ku, djevicu. Ona je zajedno sa sv. Franjom osnivateljica sestara Klarisa, drugoga Franjeva\u010dkog reda. Nakon ve\u010dernje svete mise klanjanje je pred Presvetim.<\/p>\n\n\n\n<p>Sljede\u0107e nedjelje slavimo dvadesetu nedjelju kroz godinu.<\/p>\n\n\n\n<p>Na svetkovinu Velike Gospe, 15. kolovoza, svete mise u na\u0161oj \u017eupnoj crkvi bit \u0107e u 7:00, 9:00, 11:00 i 18:30 sati. Na oglasnoj plo\u010di na plakatima imate rasporede slavlja Velike Gospe u na\u0161im nadbiskupijskim sveti\u0161tima.<\/p>\n\n\n\n<p>Zahvalni za va\u0161u pomo\u0107 kojom poma\u017eete obnovu na\u0161ih crkava i samostana nastradalih u potresima, preporu\u010damo se i nadalje va\u0161oj dobroti. Svoj nov\u010dani prilog mo\u017eete dati u posebno ozna\u010denu \u0161krabicu pri izlazu iz crkve ili u \u017eupni ured ili direktno uplatiti na ra\u010dun koji se nalazi na plakatu ili letku.<\/p>\n\n\n\n<p>Molimo sve vas koji jo\u0161 nemate \u017eupnu obiteljsku knji\u017eicu ili je potrebno upisati promjene u postoje\u0107e, da se javite u \u017eupni ured.<\/p>\n\n\n\n<p>Kupujte i \u010ditajte katoli\u010dki vjerski tisak.<\/p>\n","protected":false},"excerpt":{"rendered":"<p>Slavimo devetnaestu nedjelju kroz godinu. Prva je nedjelja u mjesecu kada svojim molitvama i nov\u010danim prilozima poma\u017eemo na\u0161im sjemeni\u0161tima te molimo za duhovna zvanja. Svoj nov\u010dani dar za sjemeni\u0161ta mo\u017eete dati na izlazu iz crkve. Sutra slavimo sv. Dominika, osniva\u010da dominikanskoga reda. U utorak slavimo sv. Tereziju Benediktu od Kri\u017ea (Edit Stein), djevicu i mu\u010denicu, <a href=\"https:\/\/svetaobitelj.hr\/?p=2384\" class=\"more-link\">[&hellip;]<\/a><\/p>\n","protected":false},"author":2,"featured_media":0,"comment_status":"closed","ping_status":"open","sticky":false,"template":"","format":"standard","meta":{"footnotes":""},"categories":[3],"tags":[],"class_list":["entry","author-","post-2384","post","type-post","status-publish","format-standard","category-zupa"],"_links":{"self":[{"href":"https:\/\/svetaobitelj.hr\/index.php?rest_route=\/wp\/v2\/posts\/2384","targetHints":{"allow":["GET"]}}],"collection":[{"href":"https:\/\/svetaobitelj.hr\/index.php?rest_route=\/wp\/v2\/posts"}],"about":[{"href":"https:\/\/svetaobitelj.hr\/index.php?rest_route=\/wp\/v2\/types\/post"}],"author":[{"embeddable":true,"href":"https:\/\/svetaobitelj.hr\/index.php?rest_route=\/wp\/v2\/users\/2"}],"replies":[{"embeddable":true,"href":"https:\/\/svetaobitelj.hr\/index.php?rest_route=%2Fwp%2Fv2%2Fcomments&post=2384"}],"version-history":[{"count":1,"href":"https:\/\/svetaobitelj.hr\/index.php?rest_route=\/wp\/v2\/posts\/2384\/revisions"}],"predecessor-version":[{"id":2385,"href":"https:\/\/svetaobitelj.hr\/index.php?rest_route=\/wp\/v2\/posts\/2384\/revisions\/2385"}],"wp:attachment":[{"href":"https:\/\/svetaobitelj.hr\/index.php?rest_route=%2Fwp%2Fv2%2Fmedia&parent=2384"}],"wp:term":[{"taxonomy":"category","embeddable":true,"href":"https:\/\/svetaobitelj.hr\/index.php?rest_route=%2Fwp%2Fv2%2Fcategories&post=2384"},{"taxonomy":"post_tag","embeddable":true,"href":"https:\/\/svetaobitelj.hr\/index.php?rest_route=%2Fwp%2Fv2%2Ftags&post=2384"}],"curies":[{"name":"wp","href":"https:\/\/api.w.org\/{rel}","templated":true}]}}