{"id":2374,"date":"2022-07-29T08:11:43","date_gmt":"2022-07-29T07:11:43","guid":{"rendered":"https:\/\/svetaobitelj.hr\/?p=2374"},"modified":"2022-07-29T08:11:43","modified_gmt":"2022-07-29T07:11:43","slug":"zupne-obavijesti-18-nedjelja-kroz-godinu-5","status":"publish","type":"post","link":"https:\/\/svetaobitelj.hr\/?p=2374","title":{"rendered":"\u017dupne obavijesti: 18. nedjelja kroz godinu"},"content":{"rendered":"\n<p><strong>Slavimo<\/strong><strong> osamnaestu nedjelju kroz godinu.<\/strong><\/p>\n\n\n\n<p><strong>Sutra slavimo sv. Alfonza Marija de&#8217;Liguorija, biskupa i crkvenog nau\u010ditelja.<\/strong><\/p>\n\n\n\n<p><strong>U utorak slavimo Bla\u017eenu Djevicu Mariju An\u0111eosku \u2013 Porcijunkulu.<\/strong><\/p>\n\n\n\n<p><strong>U srijedu slavimo bl. Augustina Ka\u017eoti\u0107a.<\/strong><\/p>\n\n\n\n<p><strong>U \u010detvrtak slavimo sv. Ivana Marija Vianneya. Nakon ve\u010dernje svete mise klanjanje je pred Presvetim.<\/strong><\/p>\n\n\n\n<p><strong>U petak je Dan domovinske zahvalnosti, Dan pobjede i Dan hrvatskih branitelja. Pod ve\u010dernjom svetom misom molit \u0107emo za Domovinu i na\u0161e poginule hrvatske branitelje.<\/strong><\/p>\n\n\n\n<p><strong>U subotu slavimo Preobra\u017eenje Gospodinovo. Prva je subota u mjesecu pa \u0107emo pod ve\u010dernjom svetom misom moliti za duhovna zvanja.<\/strong><\/p>\n\n\n\n<p><strong>Sljede\u0107e nedjelje slavimo devetnaestu nedjelju kroz godinu. Ujedno je prva nedjelja u mjesecu kada svojim molitvama i nov\u010danim prilozima poma\u017eemo na\u0161im sjemeni\u0161tima te molimo za duhovna zvanja. Pod jutarnjom svetom misom molit \u0107emo za dobro\u010dinitelje ove na\u0161e crkve i samostana.<\/strong><\/p>\n\n\n\n<p><strong>Ivan Rozi\u0107 svojevoljno je napustio na\u0161u Provinciju i Red Manje bra\u0107e. Neka ga Gospodin prati svojim blagoslovom u njegovom daljnjem \u017eivotu.<\/strong><\/p>\n\n\n\n<p><strong>Od 1. kolovoza do 10. listopada ove godine mogu se dostaviti molbe za dobivanje financijske pomo\u0107i u\u010denicima i studentima na\u0161e nadbiskupije Zakladi \u201eDr. Nikola Dogan\u201c. Sve informacije o uvjetima natje\u010daja i potrebnoj dokumentaciji koju kandidati trebaju dostaviti mo\u017eete dobiti na <\/strong><a href=\"http:\/\/www.caritas.djos.hr\"><strong>www.caritas.djos.hr<\/strong><\/a><strong> od 1. kolovoza ove godine.<\/strong><\/p>\n\n\n\n<p><strong>Zahvalni za va\u0161u pomo\u0107 kojom poma\u017eete obnovu na\u0161ih crkava i samostana nastradalih u potresima, preporu\u010damo se i nadalje va\u0161oj dobroti. Svoj nov\u010dani prilog mo\u017eete dati u posebno ozna\u010denu \u0161krabicu pri izlazu iz crkve ili u \u017eupni ured ili direktno uplatiti na ra\u010dun koji se nalazi na plakatu ili letku.<\/strong><\/p>\n\n\n\n<p><strong>Molimo sve vas koji jo\u0161 nemate \u017eupnu obiteljsku knji\u017eicu ili je potrebno upisati promjene u postoje\u0107e, da se javite u \u017eupni ured. Kupujte i \u010ditajte katoli\u010dki vjerski tisak.<\/strong><\/p>\n","protected":false},"excerpt":{"rendered":"<p>Slavimo osamnaestu nedjelju kroz godinu. Sutra slavimo sv. Alfonza Marija de&#8217;Liguorija, biskupa i crkvenog nau\u010ditelja. U utorak slavimo Bla\u017eenu Djevicu Mariju An\u0111eosku \u2013 Porcijunkulu. U srijedu slavimo bl. Augustina Ka\u017eoti\u0107a. U \u010detvrtak slavimo sv. Ivana Marija Vianneya. Nakon ve\u010dernje svete mise klanjanje je pred Presvetim. U petak je Dan domovinske zahvalnosti, Dan pobjede i Dan <a href=\"https:\/\/svetaobitelj.hr\/?p=2374\" class=\"more-link\">[&hellip;]<\/a><\/p>\n","protected":false},"author":2,"featured_media":0,"comment_status":"closed","ping_status":"open","sticky":false,"template":"","format":"standard","meta":{"footnotes":""},"categories":[3],"tags":[],"class_list":["entry","author-","post-2374","post","type-post","status-publish","format-standard","category-zupa"],"_links":{"self":[{"href":"https:\/\/svetaobitelj.hr\/index.php?rest_route=\/wp\/v2\/posts\/2374","targetHints":{"allow":["GET"]}}],"collection":[{"href":"https:\/\/svetaobitelj.hr\/index.php?rest_route=\/wp\/v2\/posts"}],"about":[{"href":"https:\/\/svetaobitelj.hr\/index.php?rest_route=\/wp\/v2\/types\/post"}],"author":[{"embeddable":true,"href":"https:\/\/svetaobitelj.hr\/index.php?rest_route=\/wp\/v2\/users\/2"}],"replies":[{"embeddable":true,"href":"https:\/\/svetaobitelj.hr\/index.php?rest_route=%2Fwp%2Fv2%2Fcomments&post=2374"}],"version-history":[{"count":1,"href":"https:\/\/svetaobitelj.hr\/index.php?rest_route=\/wp\/v2\/posts\/2374\/revisions"}],"predecessor-version":[{"id":2375,"href":"https:\/\/svetaobitelj.hr\/index.php?rest_route=\/wp\/v2\/posts\/2374\/revisions\/2375"}],"wp:attachment":[{"href":"https:\/\/svetaobitelj.hr\/index.php?rest_route=%2Fwp%2Fv2%2Fmedia&parent=2374"}],"wp:term":[{"taxonomy":"category","embeddable":true,"href":"https:\/\/svetaobitelj.hr\/index.php?rest_route=%2Fwp%2Fv2%2Fcategories&post=2374"},{"taxonomy":"post_tag","embeddable":true,"href":"https:\/\/svetaobitelj.hr\/index.php?rest_route=%2Fwp%2Fv2%2Ftags&post=2374"}],"curies":[{"name":"wp","href":"https:\/\/api.w.org\/{rel}","templated":true}]}}