{"id":2362,"date":"2022-07-19T15:29:41","date_gmt":"2022-07-19T14:29:41","guid":{"rendered":"http:\/\/svetaobitelj.hr\/?p=2362"},"modified":"2022-08-11T09:50:16","modified_gmt":"2022-08-11T08:50:16","slug":"posjet-misionarke-s-liberije-filipovic","status":"publish","type":"post","link":"https:\/\/svetaobitelj.hr\/?p=2362","title":{"rendered":"Posjet misionarke s. Liberije Filipovi\u0107"},"content":{"rendered":"\n<p>U nedjelju pod svetom misom u 10 sati u na\u0161oj \u017eupi go\u0161\u0107a je bila s. Liberija Filipovi\u0107, iz reda Slu\u017eavki maloga Isusa, misionarka na Haitima. Nakon svete pri\u010desti svjedo\u010dila je o situaciji na Haitima, te u skloni\u0161tu za napu\u0161tenu djecu u kojoj djeluju s. Liberija i s. Ana. Osim \u0161to su  slike do\u010darale  sve o stanju u toj siroma\u0161noj dr\u017eavi, mogli smo \u010duti da su ti ljudi iznimno radosni i zahvalni za svaku i najmanju sitnicu. Svi smo pozvani biti misionari, ne samo u svojim \u017eupama, nego i cijelome svijetu, stoga je nov\u010dani dar koji smo prikupili od iznimne va\u017enosti za sestre i njihovu misiju, te pokazatelj kako svjedo\u010dimo Krista i djelotvornu ljubav na koju smo svi pozvani&#8230; Neka dragi Bog blagoslovi sve misionarke i misionare diljem svijeta te im udjeli mno\u0161tvo blagoslova za sve \u0161to ih \u010deka u budu\u0107nosti.<\/p>\n\n\n\n<figure class=\"wp-block-image size-large\"><img loading=\"lazy\" decoding=\"async\" width=\"1024\" height=\"768\" src=\"http:\/\/svetaobitelj.hr\/wp-content\/uploads\/2022\/07\/slika1-1024x768.jpg\" alt=\"\" class=\"wp-image-2363\" srcset=\"https:\/\/svetaobitelj.hr\/wp-content\/uploads\/2022\/07\/slika1-1024x768.jpg 1024w, https:\/\/svetaobitelj.hr\/wp-content\/uploads\/2022\/07\/slika1-300x225.jpg 300w, https:\/\/svetaobitelj.hr\/wp-content\/uploads\/2022\/07\/slika1-768x576.jpg 768w, https:\/\/svetaobitelj.hr\/wp-content\/uploads\/2022\/07\/slika1-1536x1152.jpg 1536w, https:\/\/svetaobitelj.hr\/wp-content\/uploads\/2022\/07\/slika1-2048x1536.jpg 2048w\" sizes=\"auto, (max-width: 1024px) 100vw, 1024px\" \/><\/figure>\n","protected":false},"excerpt":{"rendered":"<p>U nedjelju pod svetom misom u 10 sati u na\u0161oj \u017eupi go\u0161\u0107a je bila s. Liberija Filipovi\u0107, iz reda Slu\u017eavki maloga Isusa, misionarka na Haitima. Nakon svete pri\u010desti svjedo\u010dila je o situaciji na Haitima, te u skloni\u0161tu za napu\u0161tenu djecu u kojoj djeluju s. Liberija i s. Ana. Osim \u0161to su slike do\u010darale sve o <a href=\"https:\/\/svetaobitelj.hr\/?p=2362\" class=\"more-link\">[&hellip;]<\/a><\/p>\n","protected":false},"author":2,"featured_media":0,"comment_status":"closed","ping_status":"open","sticky":false,"template":"","format":"standard","meta":{"footnotes":""},"categories":[3],"tags":[],"class_list":["entry","author-","post-2362","post","type-post","status-publish","format-standard","category-zupa"],"_links":{"self":[{"href":"https:\/\/svetaobitelj.hr\/index.php?rest_route=\/wp\/v2\/posts\/2362","targetHints":{"allow":["GET"]}}],"collection":[{"href":"https:\/\/svetaobitelj.hr\/index.php?rest_route=\/wp\/v2\/posts"}],"about":[{"href":"https:\/\/svetaobitelj.hr\/index.php?rest_route=\/wp\/v2\/types\/post"}],"author":[{"embeddable":true,"href":"https:\/\/svetaobitelj.hr\/index.php?rest_route=\/wp\/v2\/users\/2"}],"replies":[{"embeddable":true,"href":"https:\/\/svetaobitelj.hr\/index.php?rest_route=%2Fwp%2Fv2%2Fcomments&post=2362"}],"version-history":[{"count":2,"href":"https:\/\/svetaobitelj.hr\/index.php?rest_route=\/wp\/v2\/posts\/2362\/revisions"}],"predecessor-version":[{"id":2393,"href":"https:\/\/svetaobitelj.hr\/index.php?rest_route=\/wp\/v2\/posts\/2362\/revisions\/2393"}],"wp:attachment":[{"href":"https:\/\/svetaobitelj.hr\/index.php?rest_route=%2Fwp%2Fv2%2Fmedia&parent=2362"}],"wp:term":[{"taxonomy":"category","embeddable":true,"href":"https:\/\/svetaobitelj.hr\/index.php?rest_route=%2Fwp%2Fv2%2Fcategories&post=2362"},{"taxonomy":"post_tag","embeddable":true,"href":"https:\/\/svetaobitelj.hr\/index.php?rest_route=%2Fwp%2Fv2%2Ftags&post=2362"}],"curies":[{"name":"wp","href":"https:\/\/api.w.org\/{rel}","templated":true}]}}