{"id":2360,"date":"2022-07-16T17:55:24","date_gmt":"2022-07-16T16:55:24","guid":{"rendered":"http:\/\/svetaobitelj.hr\/?p=2360"},"modified":"2022-07-16T17:55:25","modified_gmt":"2022-07-16T16:55:25","slug":"zupne-obavijesti-16-nedjelja-kroz-godinu-5","status":"publish","type":"post","link":"https:\/\/svetaobitelj.hr\/?p=2360","title":{"rendered":"\u017dupne obavijesti: 16. nedjelja kroz godinu"},"content":{"rendered":"\n<p>Slavimo \u0161esnaestu nedjelju kroz godinu. Go\u0161\u0107a na\u0161e \u017eupe je s. Liberija Filipovi\u0107, Slu\u017eavka Malog Isusa, misionarka na Haitiju od sije\u010dnja 2014. godine. Ona \u0107e sudjelovati na svetoj misi u 10:00 sati kada \u0107e i govoriti \u2013 svjedo\u010diti o vlastitom misionarskom pozivu i djelovanju u misijama. Pozvani smo uklju\u010diti se u akciju \u201eDjelo sv. Petra\u201c \u010dime poma\u017eemo misionarima uplatom misnih intencija. Tko \u017eeli na taj na\u010din pomo\u0107i, mo\u017ee u \u017eupnom uredu uplatiti misnu nakanu koja \u0107e biti proslije\u0111ena misionarima.<\/p>\n\n\n\n<p>U srijedu je susret na\u0161e \u017eupne molitvene zajednice nakon ve\u010dernje svete mise.<\/p>\n\n\n\n<p>U \u010detvrtak slavimo spomendan sv. Lovre Brindizijskog, prezbitera i crkvenog nau\u010ditelja, a nakon ve\u010dernje svete mise bit \u0107e klanjanje pred Presvetim.<\/p>\n\n\n\n<p>U petak slavimo blagdan sv. Marije Magdalene.<\/p>\n\n\n\n<p>U subotu je blagdan sv. Brigite, redovnice, za\u0161titnice Europe.<\/p>\n\n\n\n<p>Sljede\u0107e nedjelje slavimo sedamnaestu nedjelju kroz godinu. Akcija MIVA vezana je uz spomendan sv. Kristofora koji je za\u0161titnik putnika, voza\u010da i pomoraca te se slavi 25. srpnja kada se organiziraju aktivnosti prikupljanja sredstava na ovu nakanu. Taj dan je i zahvala Bogu svih voza\u010da i drugih sudionika prometa za sretno prije\u0111ene kilometre te se u \u017eupama organizira blagoslov vozila. Ipak, osim voza\u010da, sv. Kristofora su za za\u0161titnika uzeli po\u0161tari, atleti\u010dari, nosa\u010di, radnici istovariva\u010di tereta, op\u0107enito svi oni koji obavljaju te\u0161ke i opasne poslove. Ubraja se me\u0111u 14 svetaca pomaga\u010da u<br>nevoljama. Prikupljena sredstva namijenjena su misionarima za kupnju prijeko potrebnih vozila. Tim \u0107e se darom nekome spasiti \u017eivot ili mu vratiti zdravlje, omogu\u0107iti mu put u \u0161kolu i jo\u0161 puno dobra. U na\u0161oj \u0107emo \u017eupi sljede\u0107e nedjelje, dan uo\u010di sv. Kristofora, nakon svetih misa prikupljati nov\u010dane priloge na tu nakanu te imati blagoslov automobila i ostalih prijevoznih sredstava.<\/p>\n\n\n\n<p>Zahvalni za va\u0161u pomo\u0107 kojom poma\u017eete obnovu na\u0161ih crkava i samostana nastradalih u potresima, preporu\u010damo se i nadalje va\u0161oj dobroti. Svoj nov\u010dani prilog mo\u017eete dati u posebno ozna\u010denu \u0161krabicu pri izlazu iz crkve ili u \u017eupni ured ili direktno uplatiti na ra\u010dun koji se nalazi na plakatu ili letku.<\/p>\n\n\n\n<p>Molimo sve vas koji jo\u0161 nemate \u017eupnu obiteljsku knji\u017eicu ili je potrebno upisati promjene u postoje\u0107e, da se javite u \u017eupni ured.<\/p>\n\n\n\n<p>Kupujte i \u010ditajte katoli\u010dki vjerski tisak.<\/p>\n","protected":false},"excerpt":{"rendered":"<p>Slavimo \u0161esnaestu nedjelju kroz godinu. Go\u0161\u0107a na\u0161e \u017eupe je s. Liberija Filipovi\u0107, Slu\u017eavka Malog Isusa, misionarka na Haitiju od sije\u010dnja 2014. godine. Ona \u0107e sudjelovati na svetoj misi u 10:00 sati kada \u0107e i govoriti \u2013 svjedo\u010diti o vlastitom misionarskom pozivu i djelovanju u misijama. Pozvani smo uklju\u010diti se u akciju \u201eDjelo sv. Petra\u201c \u010dime <a href=\"https:\/\/svetaobitelj.hr\/?p=2360\" class=\"more-link\">[&hellip;]<\/a><\/p>\n","protected":false},"author":2,"featured_media":0,"comment_status":"closed","ping_status":"open","sticky":false,"template":"","format":"standard","meta":{"footnotes":""},"categories":[3],"tags":[],"class_list":["entry","author-","post-2360","post","type-post","status-publish","format-standard","category-zupa"],"_links":{"self":[{"href":"https:\/\/svetaobitelj.hr\/index.php?rest_route=\/wp\/v2\/posts\/2360","targetHints":{"allow":["GET"]}}],"collection":[{"href":"https:\/\/svetaobitelj.hr\/index.php?rest_route=\/wp\/v2\/posts"}],"about":[{"href":"https:\/\/svetaobitelj.hr\/index.php?rest_route=\/wp\/v2\/types\/post"}],"author":[{"embeddable":true,"href":"https:\/\/svetaobitelj.hr\/index.php?rest_route=\/wp\/v2\/users\/2"}],"replies":[{"embeddable":true,"href":"https:\/\/svetaobitelj.hr\/index.php?rest_route=%2Fwp%2Fv2%2Fcomments&post=2360"}],"version-history":[{"count":1,"href":"https:\/\/svetaobitelj.hr\/index.php?rest_route=\/wp\/v2\/posts\/2360\/revisions"}],"predecessor-version":[{"id":2361,"href":"https:\/\/svetaobitelj.hr\/index.php?rest_route=\/wp\/v2\/posts\/2360\/revisions\/2361"}],"wp:attachment":[{"href":"https:\/\/svetaobitelj.hr\/index.php?rest_route=%2Fwp%2Fv2%2Fmedia&parent=2360"}],"wp:term":[{"taxonomy":"category","embeddable":true,"href":"https:\/\/svetaobitelj.hr\/index.php?rest_route=%2Fwp%2Fv2%2Fcategories&post=2360"},{"taxonomy":"post_tag","embeddable":true,"href":"https:\/\/svetaobitelj.hr\/index.php?rest_route=%2Fwp%2Fv2%2Ftags&post=2360"}],"curies":[{"name":"wp","href":"https:\/\/api.w.org\/{rel}","templated":true}]}}