{"id":2357,"date":"2022-07-08T10:35:39","date_gmt":"2022-07-08T09:35:39","guid":{"rendered":"https:\/\/svetaobitelj.hr\/?p=2357"},"modified":"2022-07-08T10:35:39","modified_gmt":"2022-07-08T09:35:39","slug":"zupne-obavijesti-15-nedjelja-kroz-godinu-5","status":"publish","type":"post","link":"https:\/\/svetaobitelj.hr\/?p=2357","title":{"rendered":"\u017dupne obavijesti: 15. nedjelja kroz godinu"},"content":{"rendered":"<p>Slavimo petnaestu nedjelju kroz godinu. Nakon svetih misa prikupljamo nov\u010dane priloge za potrebe misija i misionara, a uo\u010di spomendana sv. Franje Solanskoga, prezbitera prvoga franjeva\u010dkog reda i za\u0161titnika misija i misionara kojeg slavimo 14. srpnja. Pozvani smo uklju\u010diti se u akciju \u201eDjelo sv. Petra\u201c \u010dime poma\u017eemo misionarima uplatom misnih intencija. Tko \u017eeli na taj na\u010din pomo\u0107i, mo\u017ee u \u017eupnom uredu uplatiti misnu nakanu koja \u0107e biti proslije\u0111ena misionarima.<\/p>\n<p>Sutra slavimo sv. Benedikta, opata, za\u0161titnika Europe.<\/p>\n<p>U srijedu slavimo Majku Bo\u017eju Bistri\u010dku, a susret na\u0161e \u017eupne molitvene zajednice je nakon ve\u010dernje svete mise.<\/p>\n<p>U \u010detvrtak slavimo sv. Franju Solanskoga, prezbitera prvoga franjeva\u010dkog reda i za\u0161titnika misija i misionara, a klanjanje je pred Presvetim nakon ve\u010dernje svete mise.<\/p>\n<p>U petak slavimo sv. Bonaventuru, biskupa i crkvenog nau\u010ditelja.<\/p>\n<p>U subotu slavimo Gospu Karmelsku.<\/p>\n<p>Sljede\u0107e nedjelje slavimo \u0161esnaestu nedjelju kroz godinu. Go\u0161\u0107a na\u0161e \u017eupe bit \u0107e s. Liberija Filipovi\u0107, Slu\u017eavka Malog Isusa, misionarka na Haitiju od sije\u010dnja 2014. godine. Ona \u0107e sudjelovati na svetoj misi u 10:00 sati kada \u0107e i govoriti \u2013 svjedo\u010diti o vlastitom misionarskom pozivu.<\/p>\n<p>Zahvalni za va\u0161u pomo\u0107 kojom poma\u017eete obnovu na\u0161ih crkava i samostana nastradalih u potresima, preporu\u010damo se i nadalje va\u0161oj dobroti. Svoj nov\u010dani prilog mo\u017eete dati u posebno ozna\u010denu \u0161krabicu pri izlazu iz crkve ili u \u017eupni ured ili direktno uplatiti na ra\u010dun koji se nalazi na plakatu ili letku.<\/p>\n<p>Molimo sve vas koji jo\u0161 nemate \u017eupnu obiteljsku knji\u017eicu ili je potrebno upisati promjene u postoje\u0107e, da se javite u \u017eupni ured.<\/p>\n<p>Kupujte i \u010ditajte katoli\u010dki vjerski tisak.<\/p>\n","protected":false},"excerpt":{"rendered":"<p>Slavimo petnaestu nedjelju kroz godinu. Nakon svetih misa prikupljamo nov\u010dane priloge za potrebe misija i misionara, a uo\u010di spomendana sv. Franje Solanskoga, prezbitera prvoga franjeva\u010dkog reda i za\u0161titnika misija i misionara kojeg slavimo 14. srpnja. Pozvani smo uklju\u010diti se u akciju \u201eDjelo sv. Petra\u201c \u010dime poma\u017eemo misionarima uplatom misnih intencija. Tko \u017eeli na taj na\u010din <a href=\"https:\/\/svetaobitelj.hr\/?p=2357\" class=\"more-link\">[&hellip;]<\/a><\/p>\n","protected":false},"author":2,"featured_media":0,"comment_status":"closed","ping_status":"open","sticky":false,"template":"","format":"standard","meta":{"footnotes":""},"categories":[3],"tags":[],"class_list":["entry","author-","post-2357","post","type-post","status-publish","format-standard","category-zupa"],"_links":{"self":[{"href":"https:\/\/svetaobitelj.hr\/index.php?rest_route=\/wp\/v2\/posts\/2357","targetHints":{"allow":["GET"]}}],"collection":[{"href":"https:\/\/svetaobitelj.hr\/index.php?rest_route=\/wp\/v2\/posts"}],"about":[{"href":"https:\/\/svetaobitelj.hr\/index.php?rest_route=\/wp\/v2\/types\/post"}],"author":[{"embeddable":true,"href":"https:\/\/svetaobitelj.hr\/index.php?rest_route=\/wp\/v2\/users\/2"}],"replies":[{"embeddable":true,"href":"https:\/\/svetaobitelj.hr\/index.php?rest_route=%2Fwp%2Fv2%2Fcomments&post=2357"}],"version-history":[{"count":1,"href":"https:\/\/svetaobitelj.hr\/index.php?rest_route=\/wp\/v2\/posts\/2357\/revisions"}],"predecessor-version":[{"id":2358,"href":"https:\/\/svetaobitelj.hr\/index.php?rest_route=\/wp\/v2\/posts\/2357\/revisions\/2358"}],"wp:attachment":[{"href":"https:\/\/svetaobitelj.hr\/index.php?rest_route=%2Fwp%2Fv2%2Fmedia&parent=2357"}],"wp:term":[{"taxonomy":"category","embeddable":true,"href":"https:\/\/svetaobitelj.hr\/index.php?rest_route=%2Fwp%2Fv2%2Fcategories&post=2357"},{"taxonomy":"post_tag","embeddable":true,"href":"https:\/\/svetaobitelj.hr\/index.php?rest_route=%2Fwp%2Fv2%2Ftags&post=2357"}],"curies":[{"name":"wp","href":"https:\/\/api.w.org\/{rel}","templated":true}]}}