{"id":2344,"date":"2022-06-25T09:25:28","date_gmt":"2022-06-25T08:25:28","guid":{"rendered":"https:\/\/svetaobitelj.hr\/?p=2344"},"modified":"2022-06-25T09:25:28","modified_gmt":"2022-06-25T08:25:28","slug":"zupne-obavijesti-13-nedjelja-kroz-godinu-5","status":"publish","type":"post","link":"https:\/\/svetaobitelj.hr\/?p=2344","title":{"rendered":"\u017dupne obavijesti: 13. nedjelja kroz godinu"},"content":{"rendered":"\n<p>Slavimo trinaestu nedjelju kroz godinu.<\/p>\n\n\n\n<p>Sutra je biblijski sat nakon ve\u010dernje svete mise.<\/p>\n\n\n\n<p>U srijedu slavimo svetkovinu sv. Petra i Pavla. Svete mise su u 7:30 i 18:30. Susret molitvene zajednice je nakon ve\u010dernje svete mise. Pro\u0161tenje je u konkatedrali u Osijeku gdje su svete mise u 6:30, 8:30, 10:00, 11:30 i sve\u010dana pontifikalna sveta misa u 18:30 sati koju predslavi mons. Fabijan Svalina, srijemski biskup koadjutor.<\/p>\n\n\n\n<p>U \u010detvrtak je klanjanje pred Presvetim nakon ve\u010dernje svete mise.<\/p>\n\n\n\n<p>U subotu je Seminar za animatore i suradnike \u017eupnih karitativnih skupina u Vikarijatu s po\u010detkom u 9:00 sati. Pod ve\u010dernjom svetom misom molit \u0107emo za duhovna zvanja budu\u0107i da je prva subota u mjesecu.<\/p>\n\n\n\n<p>Sljede\u0107e nedjelje slavimo \u010detrnaestu nedjelju kroz godinu. Ujedno je prva nedjelja u mjesecu kada se svojim molitvama i nov\u010danim prilozima sje\u0107amo na\u0161ih sjemeni\u0161ta te molimo za duhovna zvanja. Pod jutarnjom svetom misom molit \u0107emo za dobro\u010dinitelje ove na\u0161e crkve i samostana. U srpnju i kolovozu nedjeljne svete mise su u 7:00, 10:00 i 18:30 sati, a ne\u0107e biti svetih misa u 9:00 i u 11:00 sati.<\/p>\n\n\n\n<p>Zahvalni za va\u0161u pomo\u0107 kojom poma\u017eete obnovu na\u0161ih crkava i samostana nastradalih u potresima, preporu\u010damo se i nadalje va\u0161oj dobroti. Svoj nov\u010dani prilog mo\u017eete dati u posebno ozna\u010denu \u0161krabicu pri izlazu iz crkve ili u \u017eupni ured ili direktno uplatiti na ra\u010dun koji se nalazi na plakatu ili letku.<\/p>\n\n\n\n<p>Molimo sve vas koji jo\u0161 nemate \u017eupnu obiteljsku knji\u017eicu ili je potrebno upisati promjene u postoje\u0107e, da se javite u \u017eupni ured.<\/p>\n\n\n\n<p>Kupujte i \u010ditajte katoli\u010dki vjerski tisak.<\/p>\n","protected":false},"excerpt":{"rendered":"<p>Slavimo trinaestu nedjelju kroz godinu. Sutra je biblijski sat nakon ve\u010dernje svete mise. U srijedu slavimo svetkovinu sv. Petra i Pavla. Svete mise su u 7:30 i 18:30. Susret molitvene zajednice je nakon ve\u010dernje svete mise. Pro\u0161tenje je u konkatedrali u Osijeku gdje su svete mise u 6:30, 8:30, 10:00, 11:30 i sve\u010dana pontifikalna sveta <a href=\"https:\/\/svetaobitelj.hr\/?p=2344\" class=\"more-link\">[&hellip;]<\/a><\/p>\n","protected":false},"author":2,"featured_media":0,"comment_status":"closed","ping_status":"open","sticky":false,"template":"","format":"standard","meta":{"footnotes":""},"categories":[3],"tags":[],"class_list":["entry","author-","post-2344","post","type-post","status-publish","format-standard","category-zupa"],"_links":{"self":[{"href":"https:\/\/svetaobitelj.hr\/index.php?rest_route=\/wp\/v2\/posts\/2344","targetHints":{"allow":["GET"]}}],"collection":[{"href":"https:\/\/svetaobitelj.hr\/index.php?rest_route=\/wp\/v2\/posts"}],"about":[{"href":"https:\/\/svetaobitelj.hr\/index.php?rest_route=\/wp\/v2\/types\/post"}],"author":[{"embeddable":true,"href":"https:\/\/svetaobitelj.hr\/index.php?rest_route=\/wp\/v2\/users\/2"}],"replies":[{"embeddable":true,"href":"https:\/\/svetaobitelj.hr\/index.php?rest_route=%2Fwp%2Fv2%2Fcomments&post=2344"}],"version-history":[{"count":1,"href":"https:\/\/svetaobitelj.hr\/index.php?rest_route=\/wp\/v2\/posts\/2344\/revisions"}],"predecessor-version":[{"id":2345,"href":"https:\/\/svetaobitelj.hr\/index.php?rest_route=\/wp\/v2\/posts\/2344\/revisions\/2345"}],"wp:attachment":[{"href":"https:\/\/svetaobitelj.hr\/index.php?rest_route=%2Fwp%2Fv2%2Fmedia&parent=2344"}],"wp:term":[{"taxonomy":"category","embeddable":true,"href":"https:\/\/svetaobitelj.hr\/index.php?rest_route=%2Fwp%2Fv2%2Fcategories&post=2344"},{"taxonomy":"post_tag","embeddable":true,"href":"https:\/\/svetaobitelj.hr\/index.php?rest_route=%2Fwp%2Fv2%2Ftags&post=2344"}],"curies":[{"name":"wp","href":"https:\/\/api.w.org\/{rel}","templated":true}]}}