{"id":2340,"date":"2022-06-17T10:47:31","date_gmt":"2022-06-17T09:47:31","guid":{"rendered":"https:\/\/svetaobitelj.hr\/?p=2340"},"modified":"2022-06-17T10:47:31","modified_gmt":"2022-06-17T09:47:31","slug":"zupne-obavijesti-12-nedjelja-kroz-godinu-4","status":"publish","type":"post","link":"https:\/\/svetaobitelj.hr\/?p=2340","title":{"rendered":"\u017dupne obavijesti: 12. nedjelja kroz godinu"},"content":{"rendered":"\n<p>Slavimo dvanaestu nedjelju kroz godinu. Gosti na\u0161e \u017eupe su \u010dlanovi HPD-a \u201eGrani\u010dar\u201c iz Nove Gradi\u0161ke koji \u0107e pjevati pod svetom misom u 11:00 sati.<\/p>\n\n\n\n<p>Sutra je biblijski sat nakon ve\u010dernje svete mise.<\/p>\n\n\n\n<p>U srijedu je susret molitvene zajednice nakon ve\u010dernje svete mise.<\/p>\n\n\n\n<p>U \u010detvrtak je klanjanje pred Presvetim nakon ve\u010dernje svete mise.<\/p>\n\n\n\n<p>U petak slavimo svetkovinu Srca Isusova. Svete mise su u 7:30 i 18:30 sati. Na oglasnoj plo\u010di imate plakat o proslavi svetkovine Srca Isusova u Rezidenciji Dru\u017ebe Isusove u Osijeku, Kardinala A. Stepinca 27.<\/p>\n\n\n\n<p>U subotu slavimo spomendan Bezgrje\u0161nog Srca Marijina. Svete mise su u 7:30 i 18:30 sati.<\/p>\n\n\n\n<p>Sljede\u0107e nedjelje slavimo trinaestu nedjelju kroz godinu.<\/p>\n\n\n\n<p>Zahvalni za va\u0161u pomo\u0107 kojom poma\u017eete obnovu na\u0161ih crkava i samostana nastradalih u potresima, preporu\u010damo se i nadalje va\u0161oj dobroti. Svoj nov\u010dani prilog mo\u017eete dati u posebno ozna\u010denu \u0161krabicu pri izlazu iz crkve ili u \u017eupni ured ili direktno uplatiti na ra\u010dun koji se nalazi na plakatu ili letku.<\/p>\n\n\n\n<p>U srpnju i kolovozu nedjeljne svete mise su u 7, 10 i 18:30 sati, a ne\u0107e biti svetih misa u 9 i u 11 sati.<\/p>\n\n\n\n<p>Molimo sve vas koji jo\u0161 nemate \u017eupnu obiteljsku knji\u017eicu ili je potrebno upisati promjene u postoje\u0107e, da se javite u \u017eupni ured.<\/p>\n\n\n\n<p>Kupujte i \u010ditajte katoli\u010dki vjerski tisak.<\/p>\n","protected":false},"excerpt":{"rendered":"<p>Slavimo dvanaestu nedjelju kroz godinu. Gosti na\u0161e \u017eupe su \u010dlanovi HPD-a \u201eGrani\u010dar\u201c iz Nove Gradi\u0161ke koji \u0107e pjevati pod svetom misom u 11:00 sati. Sutra je biblijski sat nakon ve\u010dernje svete mise. U srijedu je susret molitvene zajednice nakon ve\u010dernje svete mise. U \u010detvrtak je klanjanje pred Presvetim nakon ve\u010dernje svete mise. U petak slavimo <a href=\"https:\/\/svetaobitelj.hr\/?p=2340\" class=\"more-link\">[&hellip;]<\/a><\/p>\n","protected":false},"author":2,"featured_media":0,"comment_status":"closed","ping_status":"open","sticky":false,"template":"","format":"standard","meta":{"footnotes":""},"categories":[3],"tags":[],"class_list":["entry","author-","post-2340","post","type-post","status-publish","format-standard","category-zupa"],"_links":{"self":[{"href":"https:\/\/svetaobitelj.hr\/index.php?rest_route=\/wp\/v2\/posts\/2340","targetHints":{"allow":["GET"]}}],"collection":[{"href":"https:\/\/svetaobitelj.hr\/index.php?rest_route=\/wp\/v2\/posts"}],"about":[{"href":"https:\/\/svetaobitelj.hr\/index.php?rest_route=\/wp\/v2\/types\/post"}],"author":[{"embeddable":true,"href":"https:\/\/svetaobitelj.hr\/index.php?rest_route=\/wp\/v2\/users\/2"}],"replies":[{"embeddable":true,"href":"https:\/\/svetaobitelj.hr\/index.php?rest_route=%2Fwp%2Fv2%2Fcomments&post=2340"}],"version-history":[{"count":1,"href":"https:\/\/svetaobitelj.hr\/index.php?rest_route=\/wp\/v2\/posts\/2340\/revisions"}],"predecessor-version":[{"id":2341,"href":"https:\/\/svetaobitelj.hr\/index.php?rest_route=\/wp\/v2\/posts\/2340\/revisions\/2341"}],"wp:attachment":[{"href":"https:\/\/svetaobitelj.hr\/index.php?rest_route=%2Fwp%2Fv2%2Fmedia&parent=2340"}],"wp:term":[{"taxonomy":"category","embeddable":true,"href":"https:\/\/svetaobitelj.hr\/index.php?rest_route=%2Fwp%2Fv2%2Fcategories&post=2340"},{"taxonomy":"post_tag","embeddable":true,"href":"https:\/\/svetaobitelj.hr\/index.php?rest_route=%2Fwp%2Fv2%2Ftags&post=2340"}],"curies":[{"name":"wp","href":"https:\/\/api.w.org\/{rel}","templated":true}]}}