{"id":2327,"date":"2022-06-17T09:47:42","date_gmt":"2022-06-17T08:47:42","guid":{"rendered":"http:\/\/svetaobitelj.hr\/?p=2327"},"modified":"2022-06-17T09:47:42","modified_gmt":"2022-06-17T08:47:42","slug":"zupno-hodocasce","status":"publish","type":"post","link":"https:\/\/svetaobitelj.hr\/?p=2327","title":{"rendered":"\u017dupno hodo\u010da\u0161\u0107e"},"content":{"rendered":"\n<p><\/p>\n\n\n\n<figure class=\"wp-block-image size-large\"><img loading=\"lazy\" decoding=\"async\" width=\"1024\" height=\"768\" src=\"http:\/\/svetaobitelj.hr\/wp-content\/uploads\/2022\/06\/slika2-1024x768.jpg\" alt=\"\" class=\"wp-image-2328\" srcset=\"https:\/\/svetaobitelj.hr\/wp-content\/uploads\/2022\/06\/slika2-1024x768.jpg 1024w, https:\/\/svetaobitelj.hr\/wp-content\/uploads\/2022\/06\/slika2-300x225.jpg 300w, https:\/\/svetaobitelj.hr\/wp-content\/uploads\/2022\/06\/slika2-768x576.jpg 768w, https:\/\/svetaobitelj.hr\/wp-content\/uploads\/2022\/06\/slika2-1536x1152.jpg 1536w, https:\/\/svetaobitelj.hr\/wp-content\/uploads\/2022\/06\/slika2-2048x1536.jpg 2048w\" sizes=\"auto, (max-width: 1024px) 100vw, 1024px\" \/><\/figure>\n\n\n\n<p>Bogu smo zahvalni i Majci Bo\u017ejoj \u0161to smo nakon dvije godine uspjeli hodo\u010dastiti na Trsat, a u povratku ohrabrili se posjetom u Kra\u0161i\u0107 i bl. Alojziju Stepincu te franjeva\u010dkoj zajednici i crkvi u Klo\u0161tru Ivani\u0107u. Svoje pro\u0161nje i molitve stavili smo pred Gospu i na\u0161ega Stepinca s vjerom da \u0107e nas zagovarati kod Gospodina. Kao \u0161to je rekao na\u0161 bla\u017eenik: Kada vam otmu sve ostat \u0107e vam dvije  ruke, sklopite ih u molitvu pa \u0107ete onda biti najja\u010di.<\/p>\n\n\n\n<figure class=\"wp-block-image size-large\"><img loading=\"lazy\" decoding=\"async\" width=\"1024\" height=\"768\" src=\"http:\/\/svetaobitelj.hr\/wp-content\/uploads\/2022\/06\/slika3-1024x768.jpg\" alt=\"\" class=\"wp-image-2330\" srcset=\"https:\/\/svetaobitelj.hr\/wp-content\/uploads\/2022\/06\/slika3-1024x768.jpg 1024w, https:\/\/svetaobitelj.hr\/wp-content\/uploads\/2022\/06\/slika3-300x225.jpg 300w, https:\/\/svetaobitelj.hr\/wp-content\/uploads\/2022\/06\/slika3-768x576.jpg 768w, https:\/\/svetaobitelj.hr\/wp-content\/uploads\/2022\/06\/slika3-1536x1152.jpg 1536w, https:\/\/svetaobitelj.hr\/wp-content\/uploads\/2022\/06\/slika3-2048x1536.jpg 2048w\" sizes=\"auto, (max-width: 1024px) 100vw, 1024px\" \/><\/figure>\n\n\n\n<figure class=\"wp-block-image size-large\"><img loading=\"lazy\" decoding=\"async\" width=\"1024\" height=\"768\" src=\"http:\/\/svetaobitelj.hr\/wp-content\/uploads\/2022\/06\/slika4-1024x768.jpg\" alt=\"\" class=\"wp-image-2331\" srcset=\"https:\/\/svetaobitelj.hr\/wp-content\/uploads\/2022\/06\/slika4-1024x768.jpg 1024w, https:\/\/svetaobitelj.hr\/wp-content\/uploads\/2022\/06\/slika4-300x225.jpg 300w, https:\/\/svetaobitelj.hr\/wp-content\/uploads\/2022\/06\/slika4-768x576.jpg 768w, https:\/\/svetaobitelj.hr\/wp-content\/uploads\/2022\/06\/slika4-1536x1152.jpg 1536w, https:\/\/svetaobitelj.hr\/wp-content\/uploads\/2022\/06\/slika4-2048x1536.jpg 2048w\" sizes=\"auto, (max-width: 1024px) 100vw, 1024px\" \/><\/figure>\n","protected":false},"excerpt":{"rendered":"<p>Bogu smo zahvalni i Majci Bo\u017ejoj \u0161to smo nakon dvije godine uspjeli hodo\u010dastiti na Trsat, a u povratku ohrabrili se posjetom u Kra\u0161i\u0107 i bl. Alojziju Stepincu te franjeva\u010dkoj zajednici i crkvi u Klo\u0161tru Ivani\u0107u. Svoje pro\u0161nje i molitve stavili smo pred Gospu i na\u0161ega Stepinca s vjerom da \u0107e nas zagovarati kod Gospodina. Kao <a href=\"https:\/\/svetaobitelj.hr\/?p=2327\" class=\"more-link\">[&hellip;]<\/a><\/p>\n","protected":false},"author":2,"featured_media":0,"comment_status":"closed","ping_status":"open","sticky":false,"template":"","format":"standard","meta":{"footnotes":""},"categories":[3],"tags":[],"class_list":["entry","author-","post-2327","post","type-post","status-publish","format-standard","category-zupa"],"_links":{"self":[{"href":"https:\/\/svetaobitelj.hr\/index.php?rest_route=\/wp\/v2\/posts\/2327","targetHints":{"allow":["GET"]}}],"collection":[{"href":"https:\/\/svetaobitelj.hr\/index.php?rest_route=\/wp\/v2\/posts"}],"about":[{"href":"https:\/\/svetaobitelj.hr\/index.php?rest_route=\/wp\/v2\/types\/post"}],"author":[{"embeddable":true,"href":"https:\/\/svetaobitelj.hr\/index.php?rest_route=\/wp\/v2\/users\/2"}],"replies":[{"embeddable":true,"href":"https:\/\/svetaobitelj.hr\/index.php?rest_route=%2Fwp%2Fv2%2Fcomments&post=2327"}],"version-history":[{"count":1,"href":"https:\/\/svetaobitelj.hr\/index.php?rest_route=\/wp\/v2\/posts\/2327\/revisions"}],"predecessor-version":[{"id":2332,"href":"https:\/\/svetaobitelj.hr\/index.php?rest_route=\/wp\/v2\/posts\/2327\/revisions\/2332"}],"wp:attachment":[{"href":"https:\/\/svetaobitelj.hr\/index.php?rest_route=%2Fwp%2Fv2%2Fmedia&parent=2327"}],"wp:term":[{"taxonomy":"category","embeddable":true,"href":"https:\/\/svetaobitelj.hr\/index.php?rest_route=%2Fwp%2Fv2%2Fcategories&post=2327"},{"taxonomy":"post_tag","embeddable":true,"href":"https:\/\/svetaobitelj.hr\/index.php?rest_route=%2Fwp%2Fv2%2Ftags&post=2327"}],"curies":[{"name":"wp","href":"https:\/\/api.w.org\/{rel}","templated":true}]}}