{"id":2324,"date":"2022-06-11T16:51:49","date_gmt":"2022-06-11T15:51:49","guid":{"rendered":"http:\/\/svetaobitelj.hr\/?p=2324"},"modified":"2022-06-11T16:51:49","modified_gmt":"2022-06-11T15:51:49","slug":"misije-u-nasoj-zupi","status":"publish","type":"post","link":"https:\/\/svetaobitelj.hr\/?p=2324","title":{"rendered":"Misije u na\u0161oj \u017eupi&#8230;"},"content":{"rendered":"\n<p>U petak nas je posjetio vl\u010d.Ante \u0160i\u0161ko nadbiskupijski povjerenik za misije. Predslavio je svetu misu te smo nakon toga imali kratak susret na\u0161e misijske skupine. Ohrabrio nas je, dao podr\u0161ku, posvjedo\u010dio \u0161to to zna\u010di biti misionar i Kristov navjestitelj. Bogu zahvalni \u0161to je prepoznao na\u0161 trud i rad od srca zahvaljujemo na njegovom dolasku te ga nosimo u molitvama. Daj Bo\u017ee da je vi\u0161e ovakvih povjerenika u razli\u010ditim skupinama u Crkvi\u2026<\/p>\n\n\n\n<p>\u201cPo\u0111ite dakle i u\u010dinite mojim u\u010denicima sve narode krste\u0107i ih u ime Oca i Sina i Duha Svetoga\u2026&#8221;<\/p>\n\n\n\n<figure class=\"wp-block-gallery columns-1 is-cropped wp-block-gallery-1 is-layout-flex wp-block-gallery-is-layout-flex\"><ul class=\"blocks-gallery-grid\"><li class=\"blocks-gallery-item\"><figure><img loading=\"lazy\" decoding=\"async\" width=\"1024\" height=\"1024\" src=\"http:\/\/svetaobitelj.hr\/wp-content\/uploads\/2022\/06\/20220611_175652-1024x1024.jpg\" alt=\"\" data-id=\"2325\" data-full-url=\"http:\/\/svetaobitelj.hr\/wp-content\/uploads\/2022\/06\/20220611_175652-scaled.jpg\" data-link=\"http:\/\/svetaobitelj.hr\/?attachment_id=2325\" class=\"wp-image-2325\" srcset=\"https:\/\/svetaobitelj.hr\/wp-content\/uploads\/2022\/06\/20220611_175652-1024x1024.jpg 1024w, https:\/\/svetaobitelj.hr\/wp-content\/uploads\/2022\/06\/20220611_175652-300x300.jpg 300w, https:\/\/svetaobitelj.hr\/wp-content\/uploads\/2022\/06\/20220611_175652-150x150.jpg 150w, https:\/\/svetaobitelj.hr\/wp-content\/uploads\/2022\/06\/20220611_175652-768x768.jpg 768w, https:\/\/svetaobitelj.hr\/wp-content\/uploads\/2022\/06\/20220611_175652-1536x1536.jpg 1536w, https:\/\/svetaobitelj.hr\/wp-content\/uploads\/2022\/06\/20220611_175652-2048x2048.jpg 2048w\" sizes=\"auto, (max-width: 1024px) 100vw, 1024px\" \/><\/figure><\/li><\/ul><\/figure>\n","protected":false},"excerpt":{"rendered":"<p>U petak nas je posjetio vl\u010d.Ante \u0160i\u0161ko nadbiskupijski povjerenik za misije. Predslavio je svetu misu te smo nakon toga imali kratak susret na\u0161e misijske skupine. Ohrabrio nas je, dao podr\u0161ku, posvjedo\u010dio \u0161to to zna\u010di biti misionar i Kristov navjestitelj. Bogu zahvalni \u0161to je prepoznao na\u0161 trud i rad od srca zahvaljujemo na njegovom dolasku te <a href=\"https:\/\/svetaobitelj.hr\/?p=2324\" class=\"more-link\">[&hellip;]<\/a><\/p>\n","protected":false},"author":2,"featured_media":0,"comment_status":"closed","ping_status":"open","sticky":false,"template":"","format":"standard","meta":{"footnotes":""},"categories":[3],"tags":[],"class_list":["entry","author-","post-2324","post","type-post","status-publish","format-standard","category-zupa"],"_links":{"self":[{"href":"https:\/\/svetaobitelj.hr\/index.php?rest_route=\/wp\/v2\/posts\/2324","targetHints":{"allow":["GET"]}}],"collection":[{"href":"https:\/\/svetaobitelj.hr\/index.php?rest_route=\/wp\/v2\/posts"}],"about":[{"href":"https:\/\/svetaobitelj.hr\/index.php?rest_route=\/wp\/v2\/types\/post"}],"author":[{"embeddable":true,"href":"https:\/\/svetaobitelj.hr\/index.php?rest_route=\/wp\/v2\/users\/2"}],"replies":[{"embeddable":true,"href":"https:\/\/svetaobitelj.hr\/index.php?rest_route=%2Fwp%2Fv2%2Fcomments&post=2324"}],"version-history":[{"count":1,"href":"https:\/\/svetaobitelj.hr\/index.php?rest_route=\/wp\/v2\/posts\/2324\/revisions"}],"predecessor-version":[{"id":2326,"href":"https:\/\/svetaobitelj.hr\/index.php?rest_route=\/wp\/v2\/posts\/2324\/revisions\/2326"}],"wp:attachment":[{"href":"https:\/\/svetaobitelj.hr\/index.php?rest_route=%2Fwp%2Fv2%2Fmedia&parent=2324"}],"wp:term":[{"taxonomy":"category","embeddable":true,"href":"https:\/\/svetaobitelj.hr\/index.php?rest_route=%2Fwp%2Fv2%2Fcategories&post=2324"},{"taxonomy":"post_tag","embeddable":true,"href":"https:\/\/svetaobitelj.hr\/index.php?rest_route=%2Fwp%2Fv2%2Ftags&post=2324"}],"curies":[{"name":"wp","href":"https:\/\/api.w.org\/{rel}","templated":true}]}}