{"id":2322,"date":"2022-06-10T07:59:02","date_gmt":"2022-06-10T06:59:02","guid":{"rendered":"https:\/\/svetaobitelj.hr\/?p=2322"},"modified":"2022-06-10T07:59:02","modified_gmt":"2022-06-10T06:59:02","slug":"zupne-obavijesti-presveto-trojstvo-5","status":"publish","type":"post","link":"https:\/\/svetaobitelj.hr\/?p=2322","title":{"rendered":"\u017dupne obavijesti: Presveto Trojstvo"},"content":{"rendered":"\n<p>Slavimo Presveto Trojstvo. Redoviti mjese\u010dni susret Mjesnoga bratstva OFS-a je u 16:30 sati.<\/p>\n\n\n\n<p>Sutra slavimo sv. Antuna Padovanskog u na\u0161oj franjeva\u010dkoj crkvi u Tvr\u0111i. Na oglasnoj plo\u010di imate plakat za proslavu. U na\u0161oj \u017eupnoj crkvi sutra ne\u0107e biti svetih misa i nema biblijskog sata.<\/p>\n\n\n\n<p>U \u010detvrtak slavimo zapovijedanu svetkovinu Presvetoga Tijela i Krvi Kristove \u2013 Tijelovo. Svete mise su prema nedjeljnom rasporedu: 7:00, 9:00, 11:00 i 18:30 sati. Nakon ve\u010dernje svete mise bit \u0107e tijelovska procesija oko na\u0161e crkve.<\/p>\n\n\n\n<p>Sljede\u0107e nedjelje slavimo dvanaestu nedjelju kroz godinu. Gosti na\u0161e \u017eupe bit \u0107e \u010dlanovi HPD-a Grani\u010dar iz Nove Gradi\u0161ke koji \u0107e pjevati pod svetom misom u 11:00 sati.<\/p>\n\n\n\n<p>Zahvalni za va\u0161u pomo\u0107 kojom poma\u017eete obnovu na\u0161ih crkava i samostana nastradalih u potresima, preporu\u010damo se i nadalje va\u0161oj dobroti. Svoj nov\u010dani prilog mo\u017eete dati u posebno ozna\u010denu \u0161krabicu pri izlazu iz crkve ili u \u017eupni ured ili direktno uplatiti na ra\u010dun koji se nalazi na plakatu ili letku.<\/p>\n\n\n\n<p>U srpnju i kolovozu nedjeljne svete mise su u 7, 10 i 18:30 sati, a ne\u0107e biti svetih misa u 9 i u 11 sati.<\/p>\n\n\n\n<p>Molimo sve vas koji jo\u0161 nemate \u017eupnu obiteljsku knji\u017eicu ili je potrebno upisati promjene u postoje\u0107e, da se javite u \u017eupni ured.<\/p>\n\n\n\n<p>Kupujte i \u010ditajte katoli\u010dki vjerski tisak.<\/p>\n","protected":false},"excerpt":{"rendered":"<p>Slavimo Presveto Trojstvo. Redoviti mjese\u010dni susret Mjesnoga bratstva OFS-a je u 16:30 sati. Sutra slavimo sv. Antuna Padovanskog u na\u0161oj franjeva\u010dkoj crkvi u Tvr\u0111i. Na oglasnoj plo\u010di imate plakat za proslavu. U na\u0161oj \u017eupnoj crkvi sutra ne\u0107e biti svetih misa i nema biblijskog sata. U \u010detvrtak slavimo zapovijedanu svetkovinu Presvetoga Tijela i Krvi Kristove \u2013 <a href=\"https:\/\/svetaobitelj.hr\/?p=2322\" class=\"more-link\">[&hellip;]<\/a><\/p>\n","protected":false},"author":2,"featured_media":0,"comment_status":"closed","ping_status":"open","sticky":false,"template":"","format":"standard","meta":{"footnotes":""},"categories":[3],"tags":[],"class_list":["entry","author-","post-2322","post","type-post","status-publish","format-standard","category-zupa"],"_links":{"self":[{"href":"https:\/\/svetaobitelj.hr\/index.php?rest_route=\/wp\/v2\/posts\/2322","targetHints":{"allow":["GET"]}}],"collection":[{"href":"https:\/\/svetaobitelj.hr\/index.php?rest_route=\/wp\/v2\/posts"}],"about":[{"href":"https:\/\/svetaobitelj.hr\/index.php?rest_route=\/wp\/v2\/types\/post"}],"author":[{"embeddable":true,"href":"https:\/\/svetaobitelj.hr\/index.php?rest_route=\/wp\/v2\/users\/2"}],"replies":[{"embeddable":true,"href":"https:\/\/svetaobitelj.hr\/index.php?rest_route=%2Fwp%2Fv2%2Fcomments&post=2322"}],"version-history":[{"count":1,"href":"https:\/\/svetaobitelj.hr\/index.php?rest_route=\/wp\/v2\/posts\/2322\/revisions"}],"predecessor-version":[{"id":2323,"href":"https:\/\/svetaobitelj.hr\/index.php?rest_route=\/wp\/v2\/posts\/2322\/revisions\/2323"}],"wp:attachment":[{"href":"https:\/\/svetaobitelj.hr\/index.php?rest_route=%2Fwp%2Fv2%2Fmedia&parent=2322"}],"wp:term":[{"taxonomy":"category","embeddable":true,"href":"https:\/\/svetaobitelj.hr\/index.php?rest_route=%2Fwp%2Fv2%2Fcategories&post=2322"},{"taxonomy":"post_tag","embeddable":true,"href":"https:\/\/svetaobitelj.hr\/index.php?rest_route=%2Fwp%2Fv2%2Ftags&post=2322"}],"curies":[{"name":"wp","href":"https:\/\/api.w.org\/{rel}","templated":true}]}}