{"id":2319,"date":"2022-06-04T16:47:43","date_gmt":"2022-06-04T15:47:43","guid":{"rendered":"http:\/\/svetaobitelj.hr\/?p=2319"},"modified":"2022-06-04T16:47:44","modified_gmt":"2022-06-04T15:47:44","slug":"zupne-obavijesti-nedjelja-pedesetnice-duhovi","status":"publish","type":"post","link":"https:\/\/svetaobitelj.hr\/?p=2319","title":{"rendered":"\u017dupne obavijesti: Nedjelja Pedesetnice &#8211; Duhovi"},"content":{"rendered":"\n<p>Slavimo Nedjelju Pedesetnice \u2013 Duhove. Zavr\u0161ava Vazmeni ciklus u liturgijskoj ili crkvenoj godini, a nastavlja se Vrijeme kroz godinu. Ujedno je prva nedjelja u mjesecu kada svojim molitvama i nov\u010danim prilozima poma\u017eemo sjemeni\u0161tima te molimo za duhovna zvanja. Svoj nov\u010dani prilog za sjemeni\u0161ta mo\u017eete dati na izlazu iz crkve.<\/p>\n\n\n\n<p>Sutra je biblijski sat nakon ve\u010dernje svete mise.<\/p>\n\n\n\n<p>U utorak zavr\u0161ava pobo\u017enost trinaest utoraka na \u010dast sv. Antunu Padovanskom u 18:15 sati, a u Vikarijatu je, s po\u010detkom u 20:00 sati, susret sve\u0107enika i \u010dlanova \u017eupnih pastoralnih vije\u0107nika osje\u010dkih dekanata. Nakon ve\u010dernje svete mise susret je \u010dlanova udruge Vojske Bezgre\u0161ne.<\/p>\n\n\n\n<p>U \u010detvrtak je klanjanje pred Presvetim nakon ve\u010dernje svete mise. Redoviti sastanak \u010dlanova \u017eupnih vije\u0107a je u 19:30 sati.<\/p>\n\n\n\n<p>U petak \u0107e ve\u010dernju svetu misu voditi vl\u010d. Ante \u0160i\u0161ko, nadbiskupijski povjerenik za misije te \u0107e imati susret nakon mise s \u010dlanovima na\u0161e \u017eupne misijske skupine.<\/p>\n\n\n\n<p>Na\u0161e \u017eupno hodo\u010da\u0161\u0107e na Trsat je u subotu, 11. lipnja ove godine. Polazak je u 3:00 sata. Vi\u0161e ne primamo prijave.<\/p>\n\n\n\n<p>Sljede\u0107e nedjelje slavimo Presveto Trojstvo. Redoviti mjese\u010dni susret Mjesnoga bratstva OFS-a bit \u0107e u 16:30 sati.<\/p>\n\n\n\n<p>Dvadeset i peti nadbiskupijski susret osoba s invaliditetom i \u010dlanova njihovih obitelji bit \u0107e 11. lipnja ove godine u Lugu, \u0160kolska 5, s po\u010detkom u 9:00 sati.<\/p>\n\n\n\n<p>Na oglasnoj plo\u010di imate plakat za proslavu sv. Antuna Padovanskog u na\u0161oj franjeva\u010dkoj crkvi u Tvr\u0111i. Na sam dan, 13. lipnja, ne\u0107e biti svetih misa u na\u0161oj \u017eupnoj crkvi.<\/p>\n\n\n\n<p>Zahvalni za va\u0161u pomo\u0107 kojom poma\u017eete obnovu na\u0161ih crkava i samostana nastradalih u potresima, preporu\u010damo se i nadalje va\u0161oj dobroti. Svoj nov\u010dani prilog mo\u017eete dati u posebno ozna\u010denu \u0161krabicu pri izlazu iz crkve ili u \u017eupni ured ili direktno uplatiti na ra\u010dun koji se nalazi na plakatu ili letku.<\/p>\n\n\n\n<p>Molimo sve vas koji jo\u0161 nemate \u017eupnu obiteljsku knji\u017eicu ili je potrebno upisati promjene u postoje\u0107e, da se javite u \u017eupni ured. Kupujte i \u010ditajte katoli\u010dki vjerski tisak.<\/p>\n","protected":false},"excerpt":{"rendered":"<p>Slavimo Nedjelju Pedesetnice \u2013 Duhove. Zavr\u0161ava Vazmeni ciklus u liturgijskoj ili crkvenoj godini, a nastavlja se Vrijeme kroz godinu. Ujedno je prva nedjelja u mjesecu kada svojim molitvama i nov\u010danim prilozima poma\u017eemo sjemeni\u0161tima te molimo za duhovna zvanja. Svoj nov\u010dani prilog za sjemeni\u0161ta mo\u017eete dati na izlazu iz crkve. Sutra je biblijski sat nakon ve\u010dernje <a href=\"https:\/\/svetaobitelj.hr\/?p=2319\" class=\"more-link\">[&hellip;]<\/a><\/p>\n","protected":false},"author":2,"featured_media":0,"comment_status":"closed","ping_status":"open","sticky":false,"template":"","format":"standard","meta":{"footnotes":""},"categories":[3],"tags":[],"class_list":["entry","author-","post-2319","post","type-post","status-publish","format-standard","category-zupa"],"_links":{"self":[{"href":"https:\/\/svetaobitelj.hr\/index.php?rest_route=\/wp\/v2\/posts\/2319","targetHints":{"allow":["GET"]}}],"collection":[{"href":"https:\/\/svetaobitelj.hr\/index.php?rest_route=\/wp\/v2\/posts"}],"about":[{"href":"https:\/\/svetaobitelj.hr\/index.php?rest_route=\/wp\/v2\/types\/post"}],"author":[{"embeddable":true,"href":"https:\/\/svetaobitelj.hr\/index.php?rest_route=\/wp\/v2\/users\/2"}],"replies":[{"embeddable":true,"href":"https:\/\/svetaobitelj.hr\/index.php?rest_route=%2Fwp%2Fv2%2Fcomments&post=2319"}],"version-history":[{"count":1,"href":"https:\/\/svetaobitelj.hr\/index.php?rest_route=\/wp\/v2\/posts\/2319\/revisions"}],"predecessor-version":[{"id":2320,"href":"https:\/\/svetaobitelj.hr\/index.php?rest_route=\/wp\/v2\/posts\/2319\/revisions\/2320"}],"wp:attachment":[{"href":"https:\/\/svetaobitelj.hr\/index.php?rest_route=%2Fwp%2Fv2%2Fmedia&parent=2319"}],"wp:term":[{"taxonomy":"category","embeddable":true,"href":"https:\/\/svetaobitelj.hr\/index.php?rest_route=%2Fwp%2Fv2%2Fcategories&post=2319"},{"taxonomy":"post_tag","embeddable":true,"href":"https:\/\/svetaobitelj.hr\/index.php?rest_route=%2Fwp%2Fv2%2Ftags&post=2319"}],"curies":[{"name":"wp","href":"https:\/\/api.w.org\/{rel}","templated":true}]}}