{"id":2308,"date":"2022-05-29T19:43:02","date_gmt":"2022-05-29T18:43:02","guid":{"rendered":"http:\/\/svetaobitelj.hr\/?p=2308"},"modified":"2022-05-29T19:43:02","modified_gmt":"2022-05-29T18:43:02","slug":"nadbiskupijski-predsinodski-sastanak","status":"publish","type":"post","link":"https:\/\/svetaobitelj.hr\/?p=2308","title":{"rendered":"Nadbiskupijski predsinodski sastanak"},"content":{"rendered":"\n<p>U subotu, 28. svibnja u \u0110akovu odr\u017ean je Nadbiskupijski predsinodski sastanak, na kojem je prezentiran radni dokument nadbiskupijskog sa\u017eetka procesa sinodskog savjetovanja koji je kroz protekle mjesece proveden u Nadbiskupiji. Ovaj sastanak predstavlja vrhunac rada kroz minule mjesece i svojevrsnu sve\u010danu zavr\u0161nicu nadbiskupijske etape sinodskoga savjetovanja, a na njemu su na\u0161u \u017eupu predstavljale Tatjana \u0160arga\u010d i Mirta Jakovac. <\/p>\n\n\n\n<div class=\"wp-block-image\"><figure class=\"aligncenter size-large\"><img loading=\"lazy\" decoding=\"async\" width=\"1024\" height=\"768\" src=\"http:\/\/svetaobitelj.hr\/wp-content\/uploads\/2022\/05\/Sinoda-1024x768.jpg\" alt=\"\" class=\"wp-image-2309\" srcset=\"https:\/\/svetaobitelj.hr\/wp-content\/uploads\/2022\/05\/Sinoda-1024x768.jpg 1024w, https:\/\/svetaobitelj.hr\/wp-content\/uploads\/2022\/05\/Sinoda-300x225.jpg 300w, https:\/\/svetaobitelj.hr\/wp-content\/uploads\/2022\/05\/Sinoda-768x576.jpg 768w, https:\/\/svetaobitelj.hr\/wp-content\/uploads\/2022\/05\/Sinoda-1536x1152.jpg 1536w, https:\/\/svetaobitelj.hr\/wp-content\/uploads\/2022\/05\/Sinoda-2048x1536.jpg 2048w\" sizes=\"auto, (max-width: 1024px) 100vw, 1024px\" \/><\/figure><\/div>\n","protected":false},"excerpt":{"rendered":"<p>U subotu, 28. svibnja u \u0110akovu odr\u017ean je Nadbiskupijski predsinodski sastanak, na kojem je prezentiran radni dokument nadbiskupijskog sa\u017eetka procesa sinodskog savjetovanja koji je kroz protekle mjesece proveden u Nadbiskupiji. Ovaj sastanak predstavlja vrhunac rada kroz minule mjesece i svojevrsnu sve\u010danu zavr\u0161nicu nadbiskupijske etape sinodskoga savjetovanja, a na njemu su na\u0161u \u017eupu predstavljale Tatjana \u0160arga\u010d <a href=\"https:\/\/svetaobitelj.hr\/?p=2308\" class=\"more-link\">[&hellip;]<\/a><\/p>\n","protected":false},"author":2,"featured_media":0,"comment_status":"closed","ping_status":"open","sticky":false,"template":"","format":"standard","meta":{"footnotes":""},"categories":[3],"tags":[],"class_list":["entry","author-","post-2308","post","type-post","status-publish","format-standard","category-zupa"],"_links":{"self":[{"href":"https:\/\/svetaobitelj.hr\/index.php?rest_route=\/wp\/v2\/posts\/2308","targetHints":{"allow":["GET"]}}],"collection":[{"href":"https:\/\/svetaobitelj.hr\/index.php?rest_route=\/wp\/v2\/posts"}],"about":[{"href":"https:\/\/svetaobitelj.hr\/index.php?rest_route=\/wp\/v2\/types\/post"}],"author":[{"embeddable":true,"href":"https:\/\/svetaobitelj.hr\/index.php?rest_route=\/wp\/v2\/users\/2"}],"replies":[{"embeddable":true,"href":"https:\/\/svetaobitelj.hr\/index.php?rest_route=%2Fwp%2Fv2%2Fcomments&post=2308"}],"version-history":[{"count":1,"href":"https:\/\/svetaobitelj.hr\/index.php?rest_route=\/wp\/v2\/posts\/2308\/revisions"}],"predecessor-version":[{"id":2310,"href":"https:\/\/svetaobitelj.hr\/index.php?rest_route=\/wp\/v2\/posts\/2308\/revisions\/2310"}],"wp:attachment":[{"href":"https:\/\/svetaobitelj.hr\/index.php?rest_route=%2Fwp%2Fv2%2Fmedia&parent=2308"}],"wp:term":[{"taxonomy":"category","embeddable":true,"href":"https:\/\/svetaobitelj.hr\/index.php?rest_route=%2Fwp%2Fv2%2Fcategories&post=2308"},{"taxonomy":"post_tag","embeddable":true,"href":"https:\/\/svetaobitelj.hr\/index.php?rest_route=%2Fwp%2Fv2%2Ftags&post=2308"}],"curies":[{"name":"wp","href":"https:\/\/api.w.org\/{rel}","templated":true}]}}