{"id":2301,"date":"2022-05-29T19:30:44","date_gmt":"2022-05-29T18:30:44","guid":{"rendered":"http:\/\/svetaobitelj.hr\/?p=2301"},"modified":"2022-05-29T19:30:45","modified_gmt":"2022-05-29T18:30:45","slug":"dobrotvorni-koncert-za-ukrajinu","status":"publish","type":"post","link":"https:\/\/svetaobitelj.hr\/?p=2301","title":{"rendered":"Dobrotvorni koncert za Ukrajinu"},"content":{"rendered":"\n<figure class=\"wp-block-image size-large\"><img loading=\"lazy\" decoding=\"async\" width=\"1024\" height=\"768\" src=\"http:\/\/svetaobitelj.hr\/wp-content\/uploads\/2022\/05\/Kolaz-2-1024x768.jpg\" alt=\"\" class=\"wp-image-2302\" srcset=\"https:\/\/svetaobitelj.hr\/wp-content\/uploads\/2022\/05\/Kolaz-2-1024x768.jpg 1024w, https:\/\/svetaobitelj.hr\/wp-content\/uploads\/2022\/05\/Kolaz-2-300x225.jpg 300w, https:\/\/svetaobitelj.hr\/wp-content\/uploads\/2022\/05\/Kolaz-2-768x576.jpg 768w, https:\/\/svetaobitelj.hr\/wp-content\/uploads\/2022\/05\/Kolaz-2-1536x1152.jpg 1536w, https:\/\/svetaobitelj.hr\/wp-content\/uploads\/2022\/05\/Kolaz-2-2048x1536.jpg 2048w\" sizes=\"auto, (max-width: 1024px) 100vw, 1024px\" \/><\/figure>\n\n\n\n<figure class=\"wp-block-image size-large\"><img loading=\"lazy\" decoding=\"async\" width=\"1024\" height=\"768\" src=\"http:\/\/svetaobitelj.hr\/wp-content\/uploads\/2022\/05\/Kolaz-4-1024x768.jpg\" alt=\"\" class=\"wp-image-2303\" srcset=\"https:\/\/svetaobitelj.hr\/wp-content\/uploads\/2022\/05\/Kolaz-4-1024x768.jpg 1024w, https:\/\/svetaobitelj.hr\/wp-content\/uploads\/2022\/05\/Kolaz-4-300x225.jpg 300w, https:\/\/svetaobitelj.hr\/wp-content\/uploads\/2022\/05\/Kolaz-4-768x576.jpg 768w, https:\/\/svetaobitelj.hr\/wp-content\/uploads\/2022\/05\/Kolaz-4-1536x1152.jpg 1536w, https:\/\/svetaobitelj.hr\/wp-content\/uploads\/2022\/05\/Kolaz-4-2048x1536.jpg 2048w\" sizes=\"auto, (max-width: 1024px) 100vw, 1024px\" \/><\/figure>\n\n\n\n<figure class=\"wp-block-image size-large\"><img loading=\"lazy\" decoding=\"async\" width=\"1024\" height=\"768\" src=\"http:\/\/svetaobitelj.hr\/wp-content\/uploads\/2022\/05\/Kolaz-5-1024x768.jpg\" alt=\"\" class=\"wp-image-2304\" srcset=\"https:\/\/svetaobitelj.hr\/wp-content\/uploads\/2022\/05\/Kolaz-5-1024x768.jpg 1024w, https:\/\/svetaobitelj.hr\/wp-content\/uploads\/2022\/05\/Kolaz-5-300x225.jpg 300w, https:\/\/svetaobitelj.hr\/wp-content\/uploads\/2022\/05\/Kolaz-5-768x576.jpg 768w, https:\/\/svetaobitelj.hr\/wp-content\/uploads\/2022\/05\/Kolaz-5-1536x1152.jpg 1536w, https:\/\/svetaobitelj.hr\/wp-content\/uploads\/2022\/05\/Kolaz-5-2048x1536.jpg 2048w\" sizes=\"auto, (max-width: 1024px) 100vw, 1024px\" \/><\/figure>\n\n\n\n<p>U \u010detvrtak, 26. svibnja 2022. godine u na\u0161oj \u017eupi odr\u017ean je dobrotvorni koncert za pomo\u0107 prognanima iz Ukrajine, \u010diji su idejni za\u010detnici i organizatori Tatjana \u0160arga\u010d i Danijel Janc. \u00a0Nakon uvodne rije\u010di na\u0161eg \u017eupnika, molitvu O\u010de na\u0161 na ukrajinskom jeziku zajedno sa prognanim Ukrajincima otpjevao je grkokatoli\u010dki \u017eupnik vl\u010d. Ljubomir Sturko. Koncert je vodila Tatjana \u0160arga\u010d, a na njemu su sudjelovali: Vanessa Mio\u010d, Dario Bezik, fra Miroslav Petrac, zbor Snaga Duha iz Na\u0161ica, te dje\u010dji i ve\u010dernji zbor na\u0161e \u017eupe. Posebne emocije izazvao je nastup prognane ukrajinske djece, te pjesma Molitva za mir u Ukrajini koju je na ukrajinskom jeziku otpjevala Hana. Zahvaljujemo se svima koji ste svojim prilozima pomogli ovu akciju, jer sav prikupljeni prilog darovan je prognanim Ukrajincima.<\/p>\n\n\n\n<figure class=\"wp-block-image size-large\"><img loading=\"lazy\" decoding=\"async\" width=\"1024\" height=\"768\" src=\"http:\/\/svetaobitelj.hr\/wp-content\/uploads\/2022\/05\/Kolaz-3-1024x768.jpg\" alt=\"\" class=\"wp-image-2305\" srcset=\"https:\/\/svetaobitelj.hr\/wp-content\/uploads\/2022\/05\/Kolaz-3-1024x768.jpg 1024w, https:\/\/svetaobitelj.hr\/wp-content\/uploads\/2022\/05\/Kolaz-3-300x225.jpg 300w, https:\/\/svetaobitelj.hr\/wp-content\/uploads\/2022\/05\/Kolaz-3-768x576.jpg 768w, https:\/\/svetaobitelj.hr\/wp-content\/uploads\/2022\/05\/Kolaz-3-1536x1152.jpg 1536w, https:\/\/svetaobitelj.hr\/wp-content\/uploads\/2022\/05\/Kolaz-3-2048x1536.jpg 2048w\" sizes=\"auto, (max-width: 1024px) 100vw, 1024px\" \/><\/figure>\n\n\n\n<figure class=\"wp-block-image size-large\"><img loading=\"lazy\" decoding=\"async\" width=\"1024\" height=\"768\" src=\"http:\/\/svetaobitelj.hr\/wp-content\/uploads\/2022\/05\/Kolaz-1-1024x768.jpg\" alt=\"\" class=\"wp-image-2306\" srcset=\"https:\/\/svetaobitelj.hr\/wp-content\/uploads\/2022\/05\/Kolaz-1-1024x768.jpg 1024w, https:\/\/svetaobitelj.hr\/wp-content\/uploads\/2022\/05\/Kolaz-1-300x225.jpg 300w, https:\/\/svetaobitelj.hr\/wp-content\/uploads\/2022\/05\/Kolaz-1-768x576.jpg 768w, https:\/\/svetaobitelj.hr\/wp-content\/uploads\/2022\/05\/Kolaz-1-1536x1152.jpg 1536w, https:\/\/svetaobitelj.hr\/wp-content\/uploads\/2022\/05\/Kolaz-1-2048x1536.jpg 2048w\" sizes=\"auto, (max-width: 1024px) 100vw, 1024px\" \/><\/figure>\n","protected":false},"excerpt":{"rendered":"<p>U \u010detvrtak, 26. svibnja 2022. godine u na\u0161oj \u017eupi odr\u017ean je dobrotvorni koncert za pomo\u0107 prognanima iz Ukrajine, \u010diji su idejni za\u010detnici i organizatori Tatjana \u0160arga\u010d i Danijel Janc. \u00a0Nakon uvodne rije\u010di na\u0161eg \u017eupnika, molitvu O\u010de na\u0161 na ukrajinskom jeziku zajedno sa prognanim Ukrajincima otpjevao je grkokatoli\u010dki \u017eupnik vl\u010d. Ljubomir Sturko. Koncert je vodila Tatjana <a href=\"https:\/\/svetaobitelj.hr\/?p=2301\" class=\"more-link\">[&hellip;]<\/a><\/p>\n","protected":false},"author":2,"featured_media":0,"comment_status":"closed","ping_status":"open","sticky":false,"template":"","format":"standard","meta":{"footnotes":""},"categories":[3],"tags":[],"class_list":["entry","author-","post-2301","post","type-post","status-publish","format-standard","category-zupa"],"_links":{"self":[{"href":"https:\/\/svetaobitelj.hr\/index.php?rest_route=\/wp\/v2\/posts\/2301","targetHints":{"allow":["GET"]}}],"collection":[{"href":"https:\/\/svetaobitelj.hr\/index.php?rest_route=\/wp\/v2\/posts"}],"about":[{"href":"https:\/\/svetaobitelj.hr\/index.php?rest_route=\/wp\/v2\/types\/post"}],"author":[{"embeddable":true,"href":"https:\/\/svetaobitelj.hr\/index.php?rest_route=\/wp\/v2\/users\/2"}],"replies":[{"embeddable":true,"href":"https:\/\/svetaobitelj.hr\/index.php?rest_route=%2Fwp%2Fv2%2Fcomments&post=2301"}],"version-history":[{"count":1,"href":"https:\/\/svetaobitelj.hr\/index.php?rest_route=\/wp\/v2\/posts\/2301\/revisions"}],"predecessor-version":[{"id":2307,"href":"https:\/\/svetaobitelj.hr\/index.php?rest_route=\/wp\/v2\/posts\/2301\/revisions\/2307"}],"wp:attachment":[{"href":"https:\/\/svetaobitelj.hr\/index.php?rest_route=%2Fwp%2Fv2%2Fmedia&parent=2301"}],"wp:term":[{"taxonomy":"category","embeddable":true,"href":"https:\/\/svetaobitelj.hr\/index.php?rest_route=%2Fwp%2Fv2%2Fcategories&post=2301"},{"taxonomy":"post_tag","embeddable":true,"href":"https:\/\/svetaobitelj.hr\/index.php?rest_route=%2Fwp%2Fv2%2Ftags&post=2301"}],"curies":[{"name":"wp","href":"https:\/\/api.w.org\/{rel}","templated":true}]}}