{"id":2297,"date":"2022-05-27T20:17:39","date_gmt":"2022-05-27T19:17:39","guid":{"rendered":"http:\/\/svetaobitelj.hr\/?p=2297"},"modified":"2022-05-27T20:17:39","modified_gmt":"2022-05-27T19:17:39","slug":"zupne-obavijesti-7-vazmena-nedjelja-4","status":"publish","type":"post","link":"https:\/\/svetaobitelj.hr\/?p=2297","title":{"rendered":"\u017dupne obavijesti: 7. vazmena nedjelja"},"content":{"rendered":"\n<p>Slavimo sedmu vazmenu nedjelju.<\/p>\n\n\n\n<p>Zahvaljuju\u0107i pojedinim radnicima, na\u0161im redarima, \u017eupnim vije\u0107nicima kao i donatorima, preure\u0111ujemo donji dio na\u0161e crkve pa su svete mise do daljnjega u gornjem dijelu. Zahvalni smo svima koji nam poma\u017eete u obnovi, a za sve na\u0161e dobro\u010dinitelje redovito molimo prve nedjelje u mjesecu pod svetom misom u 7 sati.<\/p>\n\n\n\n<p>Sutra je Dan dr\u017eavnosti. Sveta misa za na\u0161u Domovinu je u 18:30 sati. Biblijski sat je nakon ve\u010dernje svete mise.<\/p>\n\n\n\n<p>Pobo\u017enost trinaest utoraka na \u010dast sv. Antunu Padovanskom je u 18:15 sati.<\/p>\n\n\n\n<p>U srijedu, 1. lipnja, obljetnica je posvete na\u0161e \u017eupne crkve. Svete mise su u 7:30 i 18:30 sati. Susret molitvene zajednice je nakon ve\u010dernje svete mise.<\/p>\n\n\n\n<p>U \u010detvrtak je klanjanje pred Presvetim nakon ve\u010dernje svete mise.<\/p>\n\n\n\n<p>Ovaj tjedan su prvi petak i subota u mjesecu.<\/p>\n\n\n\n<p>Sljede\u0107e nedjelje slavimo Duhove \u2013 Pedesetnicu. Zavr\u0161ava Vazmeni ciklus u liturgijskoj ili crkvenoj godini, a nastavlja se Vrijeme kroz godinu. Ujedno je prva nedjelja u mjesecu kada svojim molitvama i nov\u010danim prilozima poma\u017eemo sjemeni\u0161tima te molimo za duhovna zvanja. Pod jutarnjom svetom misom molit \u0107emo za dobro\u010dinitelje ove na\u0161e crkve i samostana.<\/p>\n\n\n\n<p>Na\u0161e \u017eupno hodo\u010da\u0161\u0107e na Trsat bit \u0107e u subotu, 11. lipnja ove godine. Cijena puta je 200 kn po osobi, a polazak je u 3:00 sata. Prijave i uplate primamo u \u017eupnom uredu u uredovno vrijeme do sljede\u0107e nedjelje.<\/p>\n\n\n\n<p>Dvadeset i peti nadbiskupijski susret osoba s invaliditetom i \u010dlanova njihovih obitelji bit \u0107e 11. lipnja ove godine u Lugu, \u0160kolska 5, s po\u010detkom u 9:00 sati.<\/p>\n\n\n\n<p>Za \u010dlanove nadbiskupijske molitvene zajednice za sve\u0107eni\u010dka i redovni\u010dka zvanja \u2013 u \u017eupnom uredu mo\u017eete podi\u0107i va\u0161e osobne knji\u017eice s molitvom za duhovna zvanja.<\/p>\n\n\n\n<p>Zahvalni za va\u0161u pomo\u0107 kojom poma\u017eete obnovu na\u0161ih crkava i samostana nastradalih u potresima, preporu\u010damo se i nadalje va\u0161oj dobroti. Svoj nov\u010dani prilog mo\u017eete dati u posebno ozna\u010denu \u0161krabicu pri izlazu iz crkve ili u \u017eupni ured ili direktno uplatiti na ra\u010dun koji se nalazi na plakatu ili letku.<\/p>\n\n\n\n<p>Molimo sve vas koji jo\u0161 nemate \u017eupnu obiteljsku knji\u017eicu ili je potrebno upisati promjene u postoje\u0107e, da se javite u \u017eupni ured.<\/p>\n\n\n\n<p>Kupujte i \u010ditajte katoli\u010dki vjerski tisak.<\/p>\n","protected":false},"excerpt":{"rendered":"<p>Slavimo sedmu vazmenu nedjelju. Zahvaljuju\u0107i pojedinim radnicima, na\u0161im redarima, \u017eupnim vije\u0107nicima kao i donatorima, preure\u0111ujemo donji dio na\u0161e crkve pa su svete mise do daljnjega u gornjem dijelu. Zahvalni smo svima koji nam poma\u017eete u obnovi, a za sve na\u0161e dobro\u010dinitelje redovito molimo prve nedjelje u mjesecu pod svetom misom u 7 sati. Sutra je <a href=\"https:\/\/svetaobitelj.hr\/?p=2297\" class=\"more-link\">[&hellip;]<\/a><\/p>\n","protected":false},"author":2,"featured_media":0,"comment_status":"closed","ping_status":"open","sticky":false,"template":"","format":"standard","meta":{"footnotes":""},"categories":[3],"tags":[],"class_list":["entry","author-","post-2297","post","type-post","status-publish","format-standard","category-zupa"],"_links":{"self":[{"href":"https:\/\/svetaobitelj.hr\/index.php?rest_route=\/wp\/v2\/posts\/2297","targetHints":{"allow":["GET"]}}],"collection":[{"href":"https:\/\/svetaobitelj.hr\/index.php?rest_route=\/wp\/v2\/posts"}],"about":[{"href":"https:\/\/svetaobitelj.hr\/index.php?rest_route=\/wp\/v2\/types\/post"}],"author":[{"embeddable":true,"href":"https:\/\/svetaobitelj.hr\/index.php?rest_route=\/wp\/v2\/users\/2"}],"replies":[{"embeddable":true,"href":"https:\/\/svetaobitelj.hr\/index.php?rest_route=%2Fwp%2Fv2%2Fcomments&post=2297"}],"version-history":[{"count":1,"href":"https:\/\/svetaobitelj.hr\/index.php?rest_route=\/wp\/v2\/posts\/2297\/revisions"}],"predecessor-version":[{"id":2298,"href":"https:\/\/svetaobitelj.hr\/index.php?rest_route=\/wp\/v2\/posts\/2297\/revisions\/2298"}],"wp:attachment":[{"href":"https:\/\/svetaobitelj.hr\/index.php?rest_route=%2Fwp%2Fv2%2Fmedia&parent=2297"}],"wp:term":[{"taxonomy":"category","embeddable":true,"href":"https:\/\/svetaobitelj.hr\/index.php?rest_route=%2Fwp%2Fv2%2Fcategories&post=2297"},{"taxonomy":"post_tag","embeddable":true,"href":"https:\/\/svetaobitelj.hr\/index.php?rest_route=%2Fwp%2Fv2%2Ftags&post=2297"}],"curies":[{"name":"wp","href":"https:\/\/api.w.org\/{rel}","templated":true}]}}