{"id":2283,"date":"2022-05-06T21:28:04","date_gmt":"2022-05-06T20:28:04","guid":{"rendered":"http:\/\/svetaobitelj.hr\/?p=2283"},"modified":"2022-05-06T21:28:04","modified_gmt":"2022-05-06T20:28:04","slug":"zupne-obavijesti-4-vazmena-nedjelja-3","status":"publish","type":"post","link":"https:\/\/svetaobitelj.hr\/?p=2283","title":{"rendered":"\u017dupne obavijesti: 4. vazmena nedjelja"},"content":{"rendered":"\n<p>Slavimo \u010detvrtu vazmenu nedjelju. Nedjelja je Dobrog Pastira, Maj\u010din dan i druga je nedjelja u svibnju kada je u na\u0161oj \u017eupi godi\u0161nje klanjanje pred Presvetim. Pred kraj prijepodnevnih svetih misa imat \u0107emo kratko klanjanje. Crkva \u0107e biti otvorena i poslije podne kada \u0107e biti izlo\u017eeno Presveto za osobno klanjanje. Zajedni\u010dki zavr\u0161etak klanjanja bit \u0107e od 17:30 sati. U 18:15 su svibanjske pobo\u017enosti. Redoviti mjese\u010dni susret Mjesnoga bratstva OFS-a je u 16:30 sati.<\/p>\n\n\n\n<p>Zahvaljuju\u0107i pojedinim na\u0161im redarima, \u017eupnim vije\u0107nicima kao i donatorima, preure\u0111ujemo donji dio na\u0161e crkve pa su svete mise do daljnjega u gornjem dijelu.<\/p>\n\n\n\n<p>Sutra je pobo\u017enost na \u010dast bl. Mariji Petkovi\u0107 u 18:00 sati. Krunica Bo\u017ejeg milosr\u0111a je u 18:15. Ne\u0107e biti biblijskog sata nakon ve\u010dernje svete mise.<\/p>\n\n\n\n<p>U utorak slavimo Gospu Trsatsku, za\u0161titnicu na\u0161e Hrvatske franjeva\u010dke provincije sv. \u0106irila i Metoda. Svete mise su u 7:30 i 18:30 sati. Pobo\u017enost trinaest utoraka na \u010dast sv. Antunu Padovanskom je u 18:15 sati. <\/p>\n\n\n\n<p>U srijedu je susret molitvene zajednice nakon ve\u010dernje svete mise.<\/p>\n\n\n\n<p>U \u010detvrtak je klanjanje pred Presvetim nakon ve\u010dernje svete mise.<\/p>\n\n\n\n<p>U petak je ispovijed ovogodi\u0161njih prvopri\u010desnika u 10:00 i u 15:00 sati.<\/p>\n\n\n\n<p>U subotu je Prva Pri\u010dest u na\u0161oj \u017dupi. Svete mise su u 9 i u 11 sati.<\/p>\n\n\n\n<p>Sljede\u0107e nedjelje slavimo petu vazmenu nedjelju. Pod ve\u010dernjom svetom misom molit \u0107emo za stradalnike Bleiburga i Kri\u017enog puta na\u0161ega naroda u pora\u0107u Drugoga svjetskog rata.<\/p>\n\n\n\n<p>Zahvalni za va\u0161u pomo\u0107 kojom poma\u017eete obnovu na\u0161ih crkava i samostana nastradalih u potresima, preporu\u010damo se i nadalje va\u0161oj dobroti. Svoj nov\u010dani prilog mo\u017eete dati u posebno ozna\u010denu \u0161krabicu pri izlazu iz crkve ili u \u017eupni ured ili direktno uplatiti na ra\u010dun koji se nalazi na plakatu ili letku.<\/p>\n\n\n\n<p>Molimo sve vas koji jo\u0161 nemate \u017eupnu obiteljsku knji\u017eicu ili je potrebno upisati promjene u postoje\u0107e, da se javite u \u017eupni ured.<\/p>\n\n\n\n<p>Kupujte i \u010ditajte katoli\u010dki vjerski tisak.<\/p>\n","protected":false},"excerpt":{"rendered":"<p>Slavimo \u010detvrtu vazmenu nedjelju. Nedjelja je Dobrog Pastira, Maj\u010din dan i druga je nedjelja u svibnju kada je u na\u0161oj \u017eupi godi\u0161nje klanjanje pred Presvetim. Pred kraj prijepodnevnih svetih misa imat \u0107emo kratko klanjanje. Crkva \u0107e biti otvorena i poslije podne kada \u0107e biti izlo\u017eeno Presveto za osobno klanjanje. Zajedni\u010dki zavr\u0161etak klanjanja bit \u0107e od <a href=\"https:\/\/svetaobitelj.hr\/?p=2283\" class=\"more-link\">[&hellip;]<\/a><\/p>\n","protected":false},"author":2,"featured_media":0,"comment_status":"closed","ping_status":"open","sticky":false,"template":"","format":"standard","meta":{"footnotes":""},"categories":[3],"tags":[],"class_list":["entry","author-","post-2283","post","type-post","status-publish","format-standard","category-zupa"],"_links":{"self":[{"href":"https:\/\/svetaobitelj.hr\/index.php?rest_route=\/wp\/v2\/posts\/2283","targetHints":{"allow":["GET"]}}],"collection":[{"href":"https:\/\/svetaobitelj.hr\/index.php?rest_route=\/wp\/v2\/posts"}],"about":[{"href":"https:\/\/svetaobitelj.hr\/index.php?rest_route=\/wp\/v2\/types\/post"}],"author":[{"embeddable":true,"href":"https:\/\/svetaobitelj.hr\/index.php?rest_route=\/wp\/v2\/users\/2"}],"replies":[{"embeddable":true,"href":"https:\/\/svetaobitelj.hr\/index.php?rest_route=%2Fwp%2Fv2%2Fcomments&post=2283"}],"version-history":[{"count":2,"href":"https:\/\/svetaobitelj.hr\/index.php?rest_route=\/wp\/v2\/posts\/2283\/revisions"}],"predecessor-version":[{"id":2285,"href":"https:\/\/svetaobitelj.hr\/index.php?rest_route=\/wp\/v2\/posts\/2283\/revisions\/2285"}],"wp:attachment":[{"href":"https:\/\/svetaobitelj.hr\/index.php?rest_route=%2Fwp%2Fv2%2Fmedia&parent=2283"}],"wp:term":[{"taxonomy":"category","embeddable":true,"href":"https:\/\/svetaobitelj.hr\/index.php?rest_route=%2Fwp%2Fv2%2Fcategories&post=2283"},{"taxonomy":"post_tag","embeddable":true,"href":"https:\/\/svetaobitelj.hr\/index.php?rest_route=%2Fwp%2Fv2%2Ftags&post=2283"}],"curies":[{"name":"wp","href":"https:\/\/api.w.org\/{rel}","templated":true}]}}