{"id":2280,"date":"2022-05-03T09:05:11","date_gmt":"2022-05-03T08:05:11","guid":{"rendered":"http:\/\/svetaobitelj.hr\/?p=2280"},"modified":"2022-05-03T09:05:11","modified_gmt":"2022-05-03T08:05:11","slug":"seminar-za-suradnike-misijskih-skupina-u-zupama","status":"publish","type":"post","link":"https:\/\/svetaobitelj.hr\/?p=2280","title":{"rendered":"Seminar za suradnike misijskih skupina u \u017eupama"},"content":{"rendered":"\n<p>U prostorijama KBF-a u \u0110akovu u subotu. 30. travnja 2022. odr\u017ean je proljetni seminar za povjerenike, animatore i suradnike \u017eupnih misijskih skupina u \u017eupama \u0110akovo-osje\u010dke nadbiskupije. Okupilo se oko 40 sudionika, a iz na\u0161e \u017eupe sudjelovalo je troje \u017eupljana \u010dlanova misijske skupine. Seminar je bio zami\u0161ljen tako da svi sudionici razmijene iskustva \u0161to i kako rade u svojim \u017eupama za misije, te da se bolje upoznamo i potaknemo jedni druge na me\u0111usobnu suradnju i zajedni\u0161tvo. Veseli nas da su vidljivi veliki pomaci na bolje, osvje\u017eenje i jedan novi pristup otkada je na \u010delu novi nadbiskupijski povjerenik za misijsku djelatnost Crkve i suradnika Papinih misijskih djela vl\u010d. Ante \u0160i\u0161ko.<\/p>\n\n\n\n<p>Bogu zahvalni na na\u0161im misionarima molimo i dalje za nova zvanja u misijama, za zdravlje i ustrajnost svih misionara i misionarki diljem svijeta. Neka nam uvijek budu na umu Kristove rije\u010di: Idite zato i u\u010dinite sve narode mojim u\u010denicima krste\u0107i ih u ime Oca i Sina i Svetoga Duha. U\u010dite ih da ispunjavaju sve \u0161to sam vam zapovjedio! Ja sam s vama u sve dane do svr\u0161etka svijeta. <\/p>\n\n\n\n<figure class=\"wp-block-image size-large\"><img loading=\"lazy\" decoding=\"async\" width=\"1024\" height=\"768\" src=\"http:\/\/svetaobitelj.hr\/wp-content\/uploads\/2022\/05\/seminar-1024x768.jpg\" alt=\"\" class=\"wp-image-2281\" srcset=\"https:\/\/svetaobitelj.hr\/wp-content\/uploads\/2022\/05\/seminar-1024x768.jpg 1024w, https:\/\/svetaobitelj.hr\/wp-content\/uploads\/2022\/05\/seminar-300x225.jpg 300w, https:\/\/svetaobitelj.hr\/wp-content\/uploads\/2022\/05\/seminar-768x576.jpg 768w, https:\/\/svetaobitelj.hr\/wp-content\/uploads\/2022\/05\/seminar-1536x1152.jpg 1536w, https:\/\/svetaobitelj.hr\/wp-content\/uploads\/2022\/05\/seminar-2048x1536.jpg 2048w\" sizes=\"auto, (max-width: 1024px) 100vw, 1024px\" \/><\/figure>\n","protected":false},"excerpt":{"rendered":"<p>U prostorijama KBF-a u \u0110akovu u subotu. 30. travnja 2022. odr\u017ean je proljetni seminar za povjerenike, animatore i suradnike \u017eupnih misijskih skupina u \u017eupama \u0110akovo-osje\u010dke nadbiskupije. Okupilo se oko 40 sudionika, a iz na\u0161e \u017eupe sudjelovalo je troje \u017eupljana \u010dlanova misijske skupine. Seminar je bio zami\u0161ljen tako da svi sudionici razmijene iskustva \u0161to i kako <a href=\"https:\/\/svetaobitelj.hr\/?p=2280\" class=\"more-link\">[&hellip;]<\/a><\/p>\n","protected":false},"author":2,"featured_media":0,"comment_status":"closed","ping_status":"open","sticky":false,"template":"","format":"standard","meta":{"footnotes":""},"categories":[3],"tags":[],"class_list":["entry","author-","post-2280","post","type-post","status-publish","format-standard","category-zupa"],"_links":{"self":[{"href":"https:\/\/svetaobitelj.hr\/index.php?rest_route=\/wp\/v2\/posts\/2280","targetHints":{"allow":["GET"]}}],"collection":[{"href":"https:\/\/svetaobitelj.hr\/index.php?rest_route=\/wp\/v2\/posts"}],"about":[{"href":"https:\/\/svetaobitelj.hr\/index.php?rest_route=\/wp\/v2\/types\/post"}],"author":[{"embeddable":true,"href":"https:\/\/svetaobitelj.hr\/index.php?rest_route=\/wp\/v2\/users\/2"}],"replies":[{"embeddable":true,"href":"https:\/\/svetaobitelj.hr\/index.php?rest_route=%2Fwp%2Fv2%2Fcomments&post=2280"}],"version-history":[{"count":1,"href":"https:\/\/svetaobitelj.hr\/index.php?rest_route=\/wp\/v2\/posts\/2280\/revisions"}],"predecessor-version":[{"id":2282,"href":"https:\/\/svetaobitelj.hr\/index.php?rest_route=\/wp\/v2\/posts\/2280\/revisions\/2282"}],"wp:attachment":[{"href":"https:\/\/svetaobitelj.hr\/index.php?rest_route=%2Fwp%2Fv2%2Fmedia&parent=2280"}],"wp:term":[{"taxonomy":"category","embeddable":true,"href":"https:\/\/svetaobitelj.hr\/index.php?rest_route=%2Fwp%2Fv2%2Fcategories&post=2280"},{"taxonomy":"post_tag","embeddable":true,"href":"https:\/\/svetaobitelj.hr\/index.php?rest_route=%2Fwp%2Fv2%2Ftags&post=2280"}],"curies":[{"name":"wp","href":"https:\/\/api.w.org\/{rel}","templated":true}]}}