{"id":2267,"date":"2022-04-25T15:38:06","date_gmt":"2022-04-25T14:38:06","guid":{"rendered":"http:\/\/svetaobitelj.hr\/?p=2267"},"modified":"2022-04-25T15:38:06","modified_gmt":"2022-04-25T14:38:06","slug":"klanjanje-za-mir-u-ukrajini","status":"publish","type":"post","link":"https:\/\/svetaobitelj.hr\/?p=2267","title":{"rendered":"Klanjanje za mir u Ukrajini"},"content":{"rendered":"\n<figure class=\"wp-block-image size-large\"><img loading=\"lazy\" decoding=\"async\" width=\"1024\" height=\"768\" src=\"http:\/\/svetaobitelj.hr\/wp-content\/uploads\/2022\/04\/klanjanje-1-1024x768.jpg\" alt=\"\" class=\"wp-image-2268\" srcset=\"https:\/\/svetaobitelj.hr\/wp-content\/uploads\/2022\/04\/klanjanje-1-1024x768.jpg 1024w, https:\/\/svetaobitelj.hr\/wp-content\/uploads\/2022\/04\/klanjanje-1-300x225.jpg 300w, https:\/\/svetaobitelj.hr\/wp-content\/uploads\/2022\/04\/klanjanje-1-768x576.jpg 768w, https:\/\/svetaobitelj.hr\/wp-content\/uploads\/2022\/04\/klanjanje-1-1536x1152.jpg 1536w, https:\/\/svetaobitelj.hr\/wp-content\/uploads\/2022\/04\/klanjanje-1-2048x1536.jpg 2048w\" sizes=\"auto, (max-width: 1024px) 100vw, 1024px\" \/><\/figure>\n\n\n\n<p>Svjedoci smo strahovitog rata u Ukrajini i velike nepravde koju na\u0161 prijateljski ukrajinski narod toliko trpi. Svjesni smo da je najja\u010de oru\u017eje na\u0161 Gospodin koji daje mir stoga smo u nedjelju Bo\u017ejeg milosr\u0111a imali klanjanje pred Presvetim s nakanom za mir u Ukrajini. Dragi na\u0161i Ukrajinci s obzirom na na\u0161e iskustvo Domovinskog obrambenog rata jako dobro znamo \u0161to pro\u017eivljavate i kako se osje\u0107ate. S vama smo u molitvi, mislima i svim srcem. Molimo za mir.  Slava Ukrajini, herojima slava! <\/p>\n\n\n\n<figure class=\"wp-block-image size-large\"><img loading=\"lazy\" decoding=\"async\" width=\"1024\" height=\"768\" src=\"http:\/\/svetaobitelj.hr\/wp-content\/uploads\/2022\/04\/klanjanje2-1024x768.jpg\" alt=\"\" class=\"wp-image-2269\" srcset=\"https:\/\/svetaobitelj.hr\/wp-content\/uploads\/2022\/04\/klanjanje2-1024x768.jpg 1024w, https:\/\/svetaobitelj.hr\/wp-content\/uploads\/2022\/04\/klanjanje2-300x225.jpg 300w, https:\/\/svetaobitelj.hr\/wp-content\/uploads\/2022\/04\/klanjanje2-768x576.jpg 768w, https:\/\/svetaobitelj.hr\/wp-content\/uploads\/2022\/04\/klanjanje2-1536x1152.jpg 1536w, https:\/\/svetaobitelj.hr\/wp-content\/uploads\/2022\/04\/klanjanje2-2048x1536.jpg 2048w\" sizes=\"auto, (max-width: 1024px) 100vw, 1024px\" \/><\/figure>\n","protected":false},"excerpt":{"rendered":"<p>Svjedoci smo strahovitog rata u Ukrajini i velike nepravde koju na\u0161 prijateljski ukrajinski narod toliko trpi. Svjesni smo da je najja\u010de oru\u017eje na\u0161 Gospodin koji daje mir stoga smo u nedjelju Bo\u017ejeg milosr\u0111a imali klanjanje pred Presvetim s nakanom za mir u Ukrajini. Dragi na\u0161i Ukrajinci s obzirom na na\u0161e iskustvo Domovinskog obrambenog rata jako <a href=\"https:\/\/svetaobitelj.hr\/?p=2267\" class=\"more-link\">[&hellip;]<\/a><\/p>\n","protected":false},"author":2,"featured_media":0,"comment_status":"closed","ping_status":"open","sticky":false,"template":"","format":"standard","meta":{"footnotes":""},"categories":[3],"tags":[],"class_list":["entry","author-","post-2267","post","type-post","status-publish","format-standard","category-zupa"],"_links":{"self":[{"href":"https:\/\/svetaobitelj.hr\/index.php?rest_route=\/wp\/v2\/posts\/2267","targetHints":{"allow":["GET"]}}],"collection":[{"href":"https:\/\/svetaobitelj.hr\/index.php?rest_route=\/wp\/v2\/posts"}],"about":[{"href":"https:\/\/svetaobitelj.hr\/index.php?rest_route=\/wp\/v2\/types\/post"}],"author":[{"embeddable":true,"href":"https:\/\/svetaobitelj.hr\/index.php?rest_route=\/wp\/v2\/users\/2"}],"replies":[{"embeddable":true,"href":"https:\/\/svetaobitelj.hr\/index.php?rest_route=%2Fwp%2Fv2%2Fcomments&post=2267"}],"version-history":[{"count":1,"href":"https:\/\/svetaobitelj.hr\/index.php?rest_route=\/wp\/v2\/posts\/2267\/revisions"}],"predecessor-version":[{"id":2270,"href":"https:\/\/svetaobitelj.hr\/index.php?rest_route=\/wp\/v2\/posts\/2267\/revisions\/2270"}],"wp:attachment":[{"href":"https:\/\/svetaobitelj.hr\/index.php?rest_route=%2Fwp%2Fv2%2Fmedia&parent=2267"}],"wp:term":[{"taxonomy":"category","embeddable":true,"href":"https:\/\/svetaobitelj.hr\/index.php?rest_route=%2Fwp%2Fv2%2Fcategories&post=2267"},{"taxonomy":"post_tag","embeddable":true,"href":"https:\/\/svetaobitelj.hr\/index.php?rest_route=%2Fwp%2Fv2%2Ftags&post=2267"}],"curies":[{"name":"wp","href":"https:\/\/api.w.org\/{rel}","templated":true}]}}