{"id":2259,"date":"2022-04-23T15:20:09","date_gmt":"2022-04-23T14:20:09","guid":{"rendered":"http:\/\/svetaobitelj.hr\/?p=2259"},"modified":"2022-04-23T15:20:58","modified_gmt":"2022-04-23T14:20:58","slug":"zupne-obavijesti-nedjelja-bozjeg-milosrda","status":"publish","type":"post","link":"https:\/\/svetaobitelj.hr\/?p=2259","title":{"rendered":"\u017dupne obavijesti: Nedjelja Bo\u017ejeg milosr\u0111a"},"content":{"rendered":"\n<p>Slavimo Nedjelju Bo\u017ejega milosr\u0111a. Zavr\u0161etak je Vazmene osmine. Nakon ve\u010dernje svete mise imat \u0107emo klanjanje pred Presvetim. Molit \u0107emo za mir u Ukrajini.<\/p>\n\n\n\n<p>Molimo zainteresirane za nadbiskupijsku molitvenu zajednicu za duhovna zvanja, bilo one koji su ve\u0107 bili kao i nove, da se javite u \u017eupni ured kako bi se mogla obnoviti na\u0161a skupina kojoj mogu pristupiti osobe koje su spremne svakoga dana izmoliti nadbiskupijsku molitvu za sve\u0107eni\u010dka i redovni\u010dka zvanja. Prijave primamo do \u010detvrtka, 28. travnja ove godine.<\/p>\n\n\n\n<p>Sutra je biblijski sat nakon ve\u010dernje svete mise.<\/p>\n\n\n\n<p>Utorkom je pobo\u017enost trinaest utoraka na \u010dast sv. Antunu Padovanskom u 18:15 sati.<\/p>\n\n\n\n<p>U srijedu je susret molitvene zajednice nakon ve\u010dernje svete mise.<\/p>\n\n\n\n<p>U \u010detvrtak je klanjanje pred Presvetim nakon ve\u010dernje svete mise.<\/p>\n\n\n\n<p>Pozivamo vas da se pridru\u017eite na\u0161im \u017eupnim skupinama \u2013 misijskoj i karitativnoj. Sastanak zainteresiranih za te skupine bit \u0107e u petak, 29. travnja, nakon ve\u010dernje svete mise. <\/p>\n\n\n\n<p>Sljede\u0107e nedjelje slavimo tre\u0107u vazmenu nedjelju. Prva je nedjelja u mjesecu kada svojim molitvama i nov\u010danim prilozima poma\u017eemo na\u0161im odgojnim ustanovama \u2013 sjemeni\u0161tima te molimo za duhovna zvanja. Pod jutarnjom svetom misom molit \u0107emo za dobro\u010dinitelje ove na\u0161e crkve i samostana. Zapo\u010dinju svibanjske pobo\u017enosti.<\/p>\n\n\n\n<p>Zahvalni za va\u0161u pomo\u0107 kojom poma\u017eete obnovu na\u0161ih crkava i samostana nastradalih u potresima, preporu\u010damo se i nadalje va\u0161oj dobroti. Svoj nov\u010dani prilog mo\u017eete dati u posebno ozna\u010denu \u0161krabicu pri izlazu iz crkve ili u \u017eupni ured ili direktno uplatiti na ra\u010dun koji se nalazi na plakatu ili letku.<\/p>\n\n\n\n<p>Molimo sve vas koji jo\u0161 nemate \u017eupnu obiteljsku knji\u017eicu ili je potrebno upisati promjene u postoje\u0107e, da se javite u \u017eupni ured.<\/p>\n\n\n\n<p>Protekla tri mjeseca dobili smo velike ra\u010dune za plin. Na prijedlog na\u0161ih \u017eupnih vije\u0107nika, pozivamo vas da nam pomognete svojim nov\u010danim prilozima koje mo\u017eete donijeti u \u017eupni ured ili ubaciti u \u0161krabicu na izlazu iz crkve. Unaprijed vam najiskrenije zahvaljujemo na va\u0161em razumijevanju i pomo\u0107i.<\/p>\n\n\n\n<p>Termini za nakane svetih misa popunjeni su do kraja godine.<\/p>\n\n\n\n<p>Kupujte i \u010ditajte katoli\u010dki vjerski tisak.<\/p>\n","protected":false},"excerpt":{"rendered":"<p>Slavimo Nedjelju Bo\u017ejega milosr\u0111a. Zavr\u0161etak je Vazmene osmine. Nakon ve\u010dernje svete mise imat \u0107emo klanjanje pred Presvetim. Molit \u0107emo za mir u Ukrajini. Molimo zainteresirane za nadbiskupijsku molitvenu zajednicu za duhovna zvanja, bilo one koji su ve\u0107 bili kao i nove, da se javite u \u017eupni ured kako bi se mogla obnoviti na\u0161a skupina kojoj <a href=\"https:\/\/svetaobitelj.hr\/?p=2259\" class=\"more-link\">[&hellip;]<\/a><\/p>\n","protected":false},"author":2,"featured_media":0,"comment_status":"closed","ping_status":"open","sticky":false,"template":"","format":"standard","meta":{"footnotes":""},"categories":[3],"tags":[],"class_list":["entry","author-","post-2259","post","type-post","status-publish","format-standard","category-zupa"],"_links":{"self":[{"href":"https:\/\/svetaobitelj.hr\/index.php?rest_route=\/wp\/v2\/posts\/2259","targetHints":{"allow":["GET"]}}],"collection":[{"href":"https:\/\/svetaobitelj.hr\/index.php?rest_route=\/wp\/v2\/posts"}],"about":[{"href":"https:\/\/svetaobitelj.hr\/index.php?rest_route=\/wp\/v2\/types\/post"}],"author":[{"embeddable":true,"href":"https:\/\/svetaobitelj.hr\/index.php?rest_route=\/wp\/v2\/users\/2"}],"replies":[{"embeddable":true,"href":"https:\/\/svetaobitelj.hr\/index.php?rest_route=%2Fwp%2Fv2%2Fcomments&post=2259"}],"version-history":[{"count":1,"href":"https:\/\/svetaobitelj.hr\/index.php?rest_route=\/wp\/v2\/posts\/2259\/revisions"}],"predecessor-version":[{"id":2260,"href":"https:\/\/svetaobitelj.hr\/index.php?rest_route=\/wp\/v2\/posts\/2259\/revisions\/2260"}],"wp:attachment":[{"href":"https:\/\/svetaobitelj.hr\/index.php?rest_route=%2Fwp%2Fv2%2Fmedia&parent=2259"}],"wp:term":[{"taxonomy":"category","embeddable":true,"href":"https:\/\/svetaobitelj.hr\/index.php?rest_route=%2Fwp%2Fv2%2Fcategories&post=2259"},{"taxonomy":"post_tag","embeddable":true,"href":"https:\/\/svetaobitelj.hr\/index.php?rest_route=%2Fwp%2Fv2%2Ftags&post=2259"}],"curies":[{"name":"wp","href":"https:\/\/api.w.org\/{rel}","templated":true}]}}