{"id":2248,"date":"2022-04-16T15:08:01","date_gmt":"2022-04-16T14:08:01","guid":{"rendered":"http:\/\/svetaobitelj.hr\/?p=2248"},"modified":"2022-04-16T15:08:02","modified_gmt":"2022-04-16T14:08:02","slug":"nedjelja-uskrsnuca-gospodinova","status":"publish","type":"post","link":"https:\/\/svetaobitelj.hr\/?p=2248","title":{"rendered":"Nedjelja uskrsnu\u0107a Gospodinova"},"content":{"rendered":"\n<p>Slavimo Nedjelju uskrsnu\u0107a Gospodinova \u2013 Vazam ili Uskrs. Svima vama i va\u0161ima najiskrenije \u017eelimo sretan i blagoslovljen Uskrs.<\/p>\n\n\n\n<p>Nakon svetih misa skupljamo nov\u010dane priloge za \u201ePetrov nov\u010di\u0107\u201c \u010dime poma\u017eemo djelovanju Svete Stolice u Rimu. Svoj nov\u010dani dar mo\u017eete dati na izlazu iz crkve.<\/p>\n\n\n\n<p>Sutra je drugi dan Vazmene osmine, Vazmeni ponedjeljak. Svete mise su prema nedjeljnom rasporedu. Prikupljamo pisanice i \u010dokolade za korisnike Pu\u010dke kuhinje u Osijeku nakon svetih misa, a u utorak prikupljamo u \u017eupnom uredu.<\/p>\n\n\n\n<p>Ovaj tjedan ne\u0107e biti biblijskog sata niti susreta molitvene zajednice. <\/p>\n\n\n\n<p>Utorkom je pobo\u017enost trinaest utoraka na \u010dast sv. Antunu Padovanskom u 18:15 sati.<\/p>\n\n\n\n<p>Sljede\u0107e nedjelje slavimo Nedjelju Bo\u017ejega milosr\u0111a. Nakon ve\u010dernje svete mise imat \u0107emo klanjanje pred Presvetim. Molit \u0107emo za mir u Ukrajini.<\/p>\n\n\n\n<p>Odlukom na\u0161ega nadbiskupa mons. \u0110ure Hrani\u0107a ubla\u017eavaju se mjere za\u0161tite za sprje\u010davanje \u0161irenja pandemije bolesti Covid-19:<\/p>\n\n\n\n<ul class=\"wp-block-list\"><li>preporu\u010duje se i dalje pri\u010dest \u201ena ruke\u201c iako, tko to \u017eeli, mo\u017ee se pri\u010destiti \u201ena jezik\u201c;<\/li><li>u obredu pru\u017eanja mira u euharistijskim slavljima mo\u017ee se ponovno vratiti uobi\u010dajena gesta pru\u017eanja ruke;<\/li><li>u posudi na ulazu crkve smije biti blagoslovljena voda;<\/li><li>na ulazima \u0107e i dalje biti dezinfekcijsko sredstvo za ruke.<\/li><\/ul>\n\n\n\n<p>Mi franjevci, koji djelujemo u ovoj \u017eupi, zahvaljujemo svima vama koji ste se protekle dvije godine pridr\u017eavali odredaba civilnog sto\u017eera kao i uputa na\u0161ega Nadbiskupa, a ti\u010de se mjera za\u0161tite od \u0161irenja koronavirusa. Osobito zahvaljujemo redarima \u0161to su svakodnevno bili na usluzi vjernicima koji su sudjelovali na svetim misama, a uz to bili su i suradnici u mnogim poslovima u djelovanju ove na\u0161e \u017eupne zajednice u vrijeme pandemije.<\/p>\n\n\n\n<p>Po\u010detkom studenoga 2016. godine \u0111akova\u010dko-osje\u010dki nadbiskup mons. \u0110uro Hrani\u0107 osnovao je Nadbiskupijsku mre\u017eu molitelja za sve\u0107eni\u010dka i redovni\u010dka zvanja. Ilija Dogan, nadbiskupijski povjerenik za pastoral sve\u0107eni\u010dkih i redovni\u010dkih zvanja, poziva na obnovu i osna\u017eenje \u017eupne molitvene zajednice. Molimo zainteresirane, bilo one koji su ve\u0107 prijavljeni kao i nove, da se javite u \u017eupni ured kako bi se mogla obnoviti na\u0161a skupina kojoj mogu pristupiti osobe koje su spremne svakoga dana izmoliti nadbiskupijsku molitvu za sve\u0107eni\u010dka i redovni\u010dka zvanja. Prijave primamo do 24. travnja ove godine.<\/p>\n\n\n\n<p>Poruka vjernicima uz obiteljska slavlja prilikom sv. krizme i prve pri\u010desti:<br>\u201eDraga bra\u0107o i sestre, najusrdnije molim sve roditelje, krizmanike te sve vjernike da obiteljska slavlja vezana uz sakramentalna slavlja (krizmu, prvu pri\u010dest, kr\u0161tenje) budu veoma skromna te ograni\u010dena na veoma uski krug obitelji i kumova. U skladu sa smjernicama i odlukama Druge biskupijske sinode, sve vas molim da se ne upu\u0161tate u nepotrebne financijske tro\u0161kove s ve\u0107im brojem uzvanika te da se trudite izbje\u0107i sve ono \u0161to nije u skladu sa sakramentalnim i crkvenim slavljem. Kumove istodobno molim da se ne upu\u0161tate u suvi\u0161ne tro\u0161kove niti u kupovinu neprimjerenih darova. Kum\u010detu se uz sakramente ne poklanja skupi dar, nego neka uspomena koja podsje\u0107a na primljeni sakrament (Biblija, kri\u017e, nabo\u017eni predmet ili prikladna knjiga). Usrdno vas molim da suprotnim postupkom ne navla\u010dite odiuom javnosti na Crkvu i na sakramentalna slavlja. Svima unaprijed zahvaljujem za razumijevanje i suradnju.\u201c (mons. \u0110uro Hrani\u0107, nadbiskup)<\/p>\n\n\n\n<p>Molimo sve vas koji jo\u0161 nemate \u017eupnu obiteljsku knji\u017eicu ili je potrebno upisati promjene u postoje\u0107e, da se javite u \u017eupni ured. Termini za nakane svetih misa popunjeni su do kraja godine.<\/p>\n\n\n\n<p>Kupujte i \u010ditajte katoli\u010dki vjerski tisak.<\/p>\n","protected":false},"excerpt":{"rendered":"<p>Slavimo Nedjelju uskrsnu\u0107a Gospodinova \u2013 Vazam ili Uskrs. Svima vama i va\u0161ima najiskrenije \u017eelimo sretan i blagoslovljen Uskrs. Nakon svetih misa skupljamo nov\u010dane priloge za \u201ePetrov nov\u010di\u0107\u201c \u010dime poma\u017eemo djelovanju Svete Stolice u Rimu. Svoj nov\u010dani dar mo\u017eete dati na izlazu iz crkve. Sutra je drugi dan Vazmene osmine, Vazmeni ponedjeljak. Svete mise su prema <a href=\"https:\/\/svetaobitelj.hr\/?p=2248\" class=\"more-link\">[&hellip;]<\/a><\/p>\n","protected":false},"author":2,"featured_media":0,"comment_status":"closed","ping_status":"open","sticky":false,"template":"","format":"standard","meta":{"footnotes":""},"categories":[3],"tags":[],"class_list":["entry","author-","post-2248","post","type-post","status-publish","format-standard","category-zupa"],"_links":{"self":[{"href":"https:\/\/svetaobitelj.hr\/index.php?rest_route=\/wp\/v2\/posts\/2248","targetHints":{"allow":["GET"]}}],"collection":[{"href":"https:\/\/svetaobitelj.hr\/index.php?rest_route=\/wp\/v2\/posts"}],"about":[{"href":"https:\/\/svetaobitelj.hr\/index.php?rest_route=\/wp\/v2\/types\/post"}],"author":[{"embeddable":true,"href":"https:\/\/svetaobitelj.hr\/index.php?rest_route=\/wp\/v2\/users\/2"}],"replies":[{"embeddable":true,"href":"https:\/\/svetaobitelj.hr\/index.php?rest_route=%2Fwp%2Fv2%2Fcomments&post=2248"}],"version-history":[{"count":2,"href":"https:\/\/svetaobitelj.hr\/index.php?rest_route=\/wp\/v2\/posts\/2248\/revisions"}],"predecessor-version":[{"id":2250,"href":"https:\/\/svetaobitelj.hr\/index.php?rest_route=\/wp\/v2\/posts\/2248\/revisions\/2250"}],"wp:attachment":[{"href":"https:\/\/svetaobitelj.hr\/index.php?rest_route=%2Fwp%2Fv2%2Fmedia&parent=2248"}],"wp:term":[{"taxonomy":"category","embeddable":true,"href":"https:\/\/svetaobitelj.hr\/index.php?rest_route=%2Fwp%2Fv2%2Fcategories&post=2248"},{"taxonomy":"post_tag","embeddable":true,"href":"https:\/\/svetaobitelj.hr\/index.php?rest_route=%2Fwp%2Fv2%2Ftags&post=2248"}],"curies":[{"name":"wp","href":"https:\/\/api.w.org\/{rel}","templated":true}]}}