{"id":2244,"date":"2022-04-12T13:29:23","date_gmt":"2022-04-12T12:29:23","guid":{"rendered":"http:\/\/svetaobitelj.hr\/?p=2244"},"modified":"2022-04-12T13:29:23","modified_gmt":"2022-04-12T12:29:23","slug":"cvjetnica-u-nasoj-zupi","status":"publish","type":"post","link":"https:\/\/svetaobitelj.hr\/?p=2244","title":{"rendered":"Cvjetnica u na\u0161oj \u017eupi"},"content":{"rendered":"\n<p>Cvjetnicom zapo\u010dinjemo Veliki tjedan. U na\u0161oj \u017eupi smo pod svetim misama slu\u0161ali navje\u0161taj Muke po Luki, a prije svete mise u 11 sati sve\u010danim blagoslovom maslinovih gran\u010dica, te procesijom oko crkve posvijestili smo si Isusov sve\u010dani ulazak u Jeruzalem. Bogu zahvalni na svemu \u0161to smo pro\u017eivjeli protekle dvije godine, te radosni zbog ukinutih mjera vjerujemo da \u0107emo i ovaj Veliki tjedan iskrenije i vjernije proslaviti, a osobito vrhunac liturgijske godine- Vazmeno trodnevlje.<\/p>\n\n\n\n<figure class=\"wp-block-image size-large\"><img loading=\"lazy\" decoding=\"async\" width=\"1024\" height=\"768\" src=\"http:\/\/svetaobitelj.hr\/wp-content\/uploads\/2022\/04\/slika1-1024x768.jpg\" alt=\"\" class=\"wp-image-2245\" srcset=\"https:\/\/svetaobitelj.hr\/wp-content\/uploads\/2022\/04\/slika1-1024x768.jpg 1024w, https:\/\/svetaobitelj.hr\/wp-content\/uploads\/2022\/04\/slika1-300x225.jpg 300w, https:\/\/svetaobitelj.hr\/wp-content\/uploads\/2022\/04\/slika1-768x576.jpg 768w, https:\/\/svetaobitelj.hr\/wp-content\/uploads\/2022\/04\/slika1-1536x1152.jpg 1536w, https:\/\/svetaobitelj.hr\/wp-content\/uploads\/2022\/04\/slika1-2048x1536.jpg 2048w\" sizes=\"auto, (max-width: 1024px) 100vw, 1024px\" \/><\/figure>\n\n\n\n<p> Kada se samo sjetimo koliko nam je te\u0161ko palo sve \u0161to se doga\u0111alo za vrijeme pandemije, svaka ru\u017ena rije\u010d, svaka osuda, svako negodovanje i mrgudanja zbog niti sat vremena provedenih s maskom na licu da bismo odgovornije bili u zajedni\u0161tvu i slavili Isusa, i kada to usporedimo s onim \u0161to je On za nas podnio vidimo koliko smo zapravo bili oholi. Molimo se da nam Isusova muka uvijek bude primjer da budemo ponizni, poslu\u0161ni i da ljubimo. Jer On nije morao pro\u0107i Kri\u017eni put, a pro\u0161ao ga je zbog nas jer je ljubio.. Nikada to ne smijemo zaboraviti koliko je tanka linija od Hosana do raspni ga&#8230;.<\/p>\n\n\n\n<figure class=\"wp-block-image size-large\"><img loading=\"lazy\" decoding=\"async\" width=\"1024\" height=\"768\" src=\"http:\/\/svetaobitelj.hr\/wp-content\/uploads\/2022\/04\/slika2-1024x768.jpg\" alt=\"\" class=\"wp-image-2246\" srcset=\"https:\/\/svetaobitelj.hr\/wp-content\/uploads\/2022\/04\/slika2-1024x768.jpg 1024w, https:\/\/svetaobitelj.hr\/wp-content\/uploads\/2022\/04\/slika2-300x225.jpg 300w, https:\/\/svetaobitelj.hr\/wp-content\/uploads\/2022\/04\/slika2-768x576.jpg 768w, https:\/\/svetaobitelj.hr\/wp-content\/uploads\/2022\/04\/slika2-1536x1152.jpg 1536w, https:\/\/svetaobitelj.hr\/wp-content\/uploads\/2022\/04\/slika2-2048x1536.jpg 2048w\" sizes=\"auto, (max-width: 1024px) 100vw, 1024px\" \/><\/figure>\n","protected":false},"excerpt":{"rendered":"<p>Cvjetnicom zapo\u010dinjemo Veliki tjedan. U na\u0161oj \u017eupi smo pod svetim misama slu\u0161ali navje\u0161taj Muke po Luki, a prije svete mise u 11 sati sve\u010danim blagoslovom maslinovih gran\u010dica, te procesijom oko crkve posvijestili smo si Isusov sve\u010dani ulazak u Jeruzalem. Bogu zahvalni na svemu \u0161to smo pro\u017eivjeli protekle dvije godine, te radosni zbog ukinutih mjera vjerujemo <a href=\"https:\/\/svetaobitelj.hr\/?p=2244\" class=\"more-link\">[&hellip;]<\/a><\/p>\n","protected":false},"author":2,"featured_media":0,"comment_status":"closed","ping_status":"open","sticky":false,"template":"","format":"standard","meta":{"footnotes":""},"categories":[3],"tags":[],"class_list":["entry","author-","post-2244","post","type-post","status-publish","format-standard","category-zupa"],"_links":{"self":[{"href":"https:\/\/svetaobitelj.hr\/index.php?rest_route=\/wp\/v2\/posts\/2244","targetHints":{"allow":["GET"]}}],"collection":[{"href":"https:\/\/svetaobitelj.hr\/index.php?rest_route=\/wp\/v2\/posts"}],"about":[{"href":"https:\/\/svetaobitelj.hr\/index.php?rest_route=\/wp\/v2\/types\/post"}],"author":[{"embeddable":true,"href":"https:\/\/svetaobitelj.hr\/index.php?rest_route=\/wp\/v2\/users\/2"}],"replies":[{"embeddable":true,"href":"https:\/\/svetaobitelj.hr\/index.php?rest_route=%2Fwp%2Fv2%2Fcomments&post=2244"}],"version-history":[{"count":1,"href":"https:\/\/svetaobitelj.hr\/index.php?rest_route=\/wp\/v2\/posts\/2244\/revisions"}],"predecessor-version":[{"id":2247,"href":"https:\/\/svetaobitelj.hr\/index.php?rest_route=\/wp\/v2\/posts\/2244\/revisions\/2247"}],"wp:attachment":[{"href":"https:\/\/svetaobitelj.hr\/index.php?rest_route=%2Fwp%2Fv2%2Fmedia&parent=2244"}],"wp:term":[{"taxonomy":"category","embeddable":true,"href":"https:\/\/svetaobitelj.hr\/index.php?rest_route=%2Fwp%2Fv2%2Fcategories&post=2244"},{"taxonomy":"post_tag","embeddable":true,"href":"https:\/\/svetaobitelj.hr\/index.php?rest_route=%2Fwp%2Fv2%2Ftags&post=2244"}],"curies":[{"name":"wp","href":"https:\/\/api.w.org\/{rel}","templated":true}]}}