{"id":2241,"date":"2022-04-09T08:39:25","date_gmt":"2022-04-09T07:39:25","guid":{"rendered":"https:\/\/svetaobitelj.hr\/?p=2241"},"modified":"2022-04-09T08:39:26","modified_gmt":"2022-04-09T07:39:26","slug":"zupne-obavijesti-cvjetnica-nedjelja-muke-gospodnje","status":"publish","type":"post","link":"https:\/\/svetaobitelj.hr\/?p=2241","title":{"rendered":"\u017dupne obavijesti: Cvjetnica &#8211; Nedjelja Muke Gospodnje"},"content":{"rendered":"\n<p><strong>Slavimo Nedjelju Muke Gospodnje \u2013 Cvjetnicu. Zapo\u010dinje Veliki tjedan. Caritasove kutijice kao i nov\u010dani dar za potrebe Caritasa mo\u017eete dati na izlazu iz crkve. Prema odredbi na\u0161ega nadbiskupa skupljamo nov\u010dane priloge za na\u0161u bra\u0107u i sestre katolike koji \u017eive u Svetoj Zemlji. Svoj nov\u010dani dar mo\u017eete dati na izlazu iz crkve.<\/strong><\/p>\n\n\n\n<p><strong>Zahvaljujemo svima koji ste darivali za Ukrajince kao i za potrebite za koje brine Caritas na\u0161e nadbiskupije i \u017eupe.<\/strong><strong><\/strong><\/p>\n\n\n\n<p><strong>U vazmenom trodnevlju ne\u0107emo ispovijedati.<\/strong><\/p>\n\n\n\n<p><strong>Sutra je biblijski sat nakon ve\u010dernje svete mise.<\/strong><\/p>\n\n\n\n<p><strong>Utorkom je pobo\u017enost trinaest utoraka na \u010dast sv. Antunu Padovanskom u 18:15 sati.<\/strong><\/p>\n\n\n\n<p><strong>U utorak je sastanak novoizabranih \u010dlanova \u017eupnih vije\u0107a u 19:30 sati, a ispovijed za studente i mlade je u Konkatedrali u 20:00 sati.<\/strong><\/p>\n\n\n\n<p><strong>U srijedu je pobo\u017enost kri\u017enoga puta u 18:00 sati, a nakon ve\u010dernje svete ne\u0107e biti susreta molitvene zajednice.<\/strong><\/p>\n\n\n\n<p><strong>VELIKI \u010cETVRTAK: Nema jutarnje svete mise i prije podne ne uredujemo u \u017eupnom uredu. U 9:00 sati je Misa posvete ulja u Katedrali u \u0110akovu. U na\u0161oj \u017eupnoj crkvi je u 18:30 misa Ve\u010dere Gospodnje.<\/strong><strong><\/strong><\/p>\n\n\n\n<p><strong>VELIKI PETAK: Obvezatan post i nemrs; nema svetih misa; u 9:00 sati je u na\u0161oj \u017eupnoj crkvi kri\u017eni put, a u 18:00 sati zapo\u010dinju obredi Velikog petka. Milostinja Velikog petka ide za bra\u0107u i sestre katolike u Isusovoj domovini, \u0161to osobito pokazujemo svojim nov\u010danim prilogom kod klanjanja kri\u017eu.<\/strong><strong><\/strong><\/p>\n\n\n\n<p><strong>VELIKA SUBOTA: nema svetih misa; pohod \u201eBo\u017ejem grobu\u201c je cijeli dan. Crkva \u0107e biti otvorena od 8:00 do 17:00 sati, a Vazmeno bdijenje zapo\u010dinje u 20:00 sati. Za Vazmeno bdijenje potrebno je imati svije\u0107u radi obnove krsnih obe\u0107anja. Svije\u0107e \u0107ete mo\u0107i nabaviti ispred crkve prije bdijenja.<\/strong><strong><\/strong><\/p>\n\n\n\n<p><strong>Sljede\u0107e nedjelje slavimo Nedjelju uskrsnu\u0107a Gospodinova \u2013 Vazam. Blagoslov jela bit \u0107e nakon jutarnje svete mise. Nakon svih svetih misa skupljat \u0107emo nov\u010dane priloge za \u201ePetrov nov\u010di\u0107\u201c \u010dime poma\u017eemo djelovanju Svete Stolice u Rimu.<\/strong><\/p>\n\n\n\n<p><strong>Na uskrsni ponedjeljak skupljat \u0107emo pisanice i \u010dokolade za korisnike Pu\u010dke kuhinje u Osijeku nakon svetih misa, a u utorak u \u017eupnom uredu.<\/strong><\/p>\n\n\n\n<p><strong>Nadbiskupijski susret slijepih i slabovidnih osoba bit \u0107e u \u0110akovu, 23. travnja ove godine, s po\u010detkom u 9:15 ispred Katedrale.<\/strong><\/p>\n\n\n\n<p><strong>Po\u010detkom studenoga 2016. godine \u0111akova\u010dko-osje\u010dki nadbiskup mons. \u0110uro Hrani\u0107 osnovao je Nadbiskupijsku mre\u017eu molitelja za sve\u0107eni\u010dka i redovni\u010dka zvanja. U na\u0161oj \u017dupi imamo trinaestero prijavljenih koji su pristupili zajednici 3. prosinca 2016. godine. Ilija Dogan, nadbiskupijski povjerenik za pastoral sve\u0107eni\u010dkih i redovni\u010dkih zvanja, poziva na obnovu i osna\u017eenje \u017eupne molitvene zajednice. Molimo zainteresirane, bilo one koji su ve\u0107 prijavljeni kao i nove, da se javite u \u017eupni ured kako bi se mogla obnoviti na\u0161a skupina kojoj mogu pristupiti osobe koje su spremne svakoga dana izmoliti nadbiskupijsku molitvu za sve\u0107eni\u010dka i redovni\u010dka zvanja. Prijave primamo do 24. travnja ove godine.<\/strong><\/p>\n\n\n\n<p><strong>Molimo sve vas koji jo\u0161 nemate \u017eupnu obiteljsku knji\u017eicu ili je potrebno upisati promjene u postoje\u0107e, da se javite u \u017eupni ured.<\/strong><\/p>\n\n\n\n<p><strong>Mi franjevci koji djelujemo u ovoj \u017dupi \u017eelimo zahvaliti svima vama koji ste se protekle dvije godine pridr\u017eavali odredaba civilnog sto\u017eera kao i uputa na\u0161ega Nadbiskupa, a ti\u010de se mjera za\u0161tite od \u0161irenja koronavirusa. Osobito zahvaljujemo redarima \u0161to su svakodnevno bili na usluzi vjernicima koji su sudjelovali na svetim misama, a uz to bili su i suradnici u mnogim poslovima nama fratrima u djelovanju na\u0161e \u017eupne zajednice u ovo vrijeme pandemije.<\/strong><\/p>\n\n\n\n<p><strong><u>Poruka vjernicima uz obiteljska slavlja prilikom sv. krizme i prve pri\u010desti:<\/u><\/strong><\/p>\n\n\n\n<p><strong><em>\u201eDraga bra\u0107o i sestre, najusrdnije molim sve roditelje, krizmanike te sve vjernike da obiteljska slavlja vezana uz sakramentalna slavlja (krizmu, prvu pri\u010dest, kr\u0161tenje) budu veoma skromna te ograni\u010dena na veoma uski krug obitelji i kumova. U skladu sa smjernicama i odlukama Druge biskupijske sinode, sve vas molim da se ne upu\u0161tate u nepotrebne financijske tro\u0161kove s ve\u0107im brojem uzvanika te da se trudite izbje\u0107i sve ono \u0161to nije u skladu sa sakramentalnim i crkvenim slavljem. Kumove istodobno molim da se ne upu\u0161tate u suvi\u0161ne tro\u0161kove niti u kupovinu neprimjerenih darova. Kum\u010detu se uz sakramente ne poklanja skupi dar, nego neka uspomena koja podsje\u0107a na primljeni sakrament (Biblija, kri\u017e, nabo\u017eni predmet ili prikladna knjiga). Usrdno vas molim da suprotnim postupkom ne navla\u010dite odiuom javnosti na Crkvu i na sakramentalna slavlja. Svima unaprijed zahvaljujem za razumijevanje i suradnju.\u201c<\/em><\/strong><strong> &nbsp;&nbsp;&nbsp;&nbsp;(mons. \u0110uro Hrani\u0107, nadbiskup)<\/strong><strong><\/strong><\/p>\n\n\n\n<p><strong>Kupujte i \u010ditajte katoli\u010dki vjerski tisak.<\/strong><\/p>\n","protected":false},"excerpt":{"rendered":"<p>Slavimo Nedjelju Muke Gospodnje \u2013 Cvjetnicu. Zapo\u010dinje Veliki tjedan. Caritasove kutijice kao i nov\u010dani dar za potrebe Caritasa mo\u017eete dati na izlazu iz crkve. Prema odredbi na\u0161ega nadbiskupa skupljamo nov\u010dane priloge za na\u0161u bra\u0107u i sestre katolike koji \u017eive u Svetoj Zemlji. Svoj nov\u010dani dar mo\u017eete dati na izlazu iz crkve. Zahvaljujemo svima koji ste <a href=\"https:\/\/svetaobitelj.hr\/?p=2241\" class=\"more-link\">[&hellip;]<\/a><\/p>\n","protected":false},"author":2,"featured_media":0,"comment_status":"closed","ping_status":"open","sticky":false,"template":"","format":"standard","meta":{"footnotes":""},"categories":[3],"tags":[],"class_list":["entry","author-","post-2241","post","type-post","status-publish","format-standard","category-zupa"],"_links":{"self":[{"href":"https:\/\/svetaobitelj.hr\/index.php?rest_route=\/wp\/v2\/posts\/2241","targetHints":{"allow":["GET"]}}],"collection":[{"href":"https:\/\/svetaobitelj.hr\/index.php?rest_route=\/wp\/v2\/posts"}],"about":[{"href":"https:\/\/svetaobitelj.hr\/index.php?rest_route=\/wp\/v2\/types\/post"}],"author":[{"embeddable":true,"href":"https:\/\/svetaobitelj.hr\/index.php?rest_route=\/wp\/v2\/users\/2"}],"replies":[{"embeddable":true,"href":"https:\/\/svetaobitelj.hr\/index.php?rest_route=%2Fwp%2Fv2%2Fcomments&post=2241"}],"version-history":[{"count":1,"href":"https:\/\/svetaobitelj.hr\/index.php?rest_route=\/wp\/v2\/posts\/2241\/revisions"}],"predecessor-version":[{"id":2242,"href":"https:\/\/svetaobitelj.hr\/index.php?rest_route=\/wp\/v2\/posts\/2241\/revisions\/2242"}],"wp:attachment":[{"href":"https:\/\/svetaobitelj.hr\/index.php?rest_route=%2Fwp%2Fv2%2Fmedia&parent=2241"}],"wp:term":[{"taxonomy":"category","embeddable":true,"href":"https:\/\/svetaobitelj.hr\/index.php?rest_route=%2Fwp%2Fv2%2Fcategories&post=2241"},{"taxonomy":"post_tag","embeddable":true,"href":"https:\/\/svetaobitelj.hr\/index.php?rest_route=%2Fwp%2Fv2%2Ftags&post=2241"}],"curies":[{"name":"wp","href":"https:\/\/api.w.org\/{rel}","templated":true}]}}