{"id":2221,"date":"2022-04-02T17:14:28","date_gmt":"2022-04-02T16:14:28","guid":{"rendered":"https:\/\/svetaobitelj.hr\/?p=2221"},"modified":"2022-04-02T17:14:28","modified_gmt":"2022-04-02T16:14:28","slug":"zupne-obavijesti-5-korizmena-nedjelja-3","status":"publish","type":"post","link":"https:\/\/svetaobitelj.hr\/?p=2221","title":{"rendered":"\u017dupne obavijesti: 5. korizmena nedjelja"},"content":{"rendered":"\n<p>Slavimo petu korizmenu nedjelju. Ujedno je prva nedjelja u mjesecu kada se svojim molitvama i nov\u010danim prilozima sje\u0107amo na\u0161ih odgojnih ustanova \u2013 sjemeni\u0161ta te molimo za nova duhovna zvanja. Svoj nov\u010dani prilog mo\u017eete dati na izlazu iz crkve. Na izlazu iz crkve mo\u017eete kupiti svije\u0107e \u010dime poma\u017eemo radu obiteljskih centara u na\u0161oj Nadbiskupiji.<\/p>\n\n\n\n<p>Sutra je ispovijed starijih i bolesnih osoba po ku\u0107ama od 8:30 sati, a koje ste prijavili u \u017eupnom uredu. Ispovijed za ostale je redovita prije svetih misa u \u017eupnom uredu. Sutra ne\u0107e biti biblijskog sata.<\/p>\n\n\n\n<p>Utorkom je pobo\u017enost trinaest utoraka na \u010dast sv. Antunu Padovanskom u 18:15 sati.<\/p>\n\n\n\n<p>U srijedu i petak pobo\u017enost je kri\u017enoga puta u 18:00 sati, a srijedom je nakon ve\u010dernje svete mise susret molitvene zajednice. <\/p>\n\n\n\n<p>U petak \u0107e na Katoli\u010dkom groblju u Tenji, s po\u010detkom u 11:00 sati, biti zajedni\u010dki ispra\u0107aj i sprovodni obredi civilnih \u017ertava Domovinskog rata iz Tenje, ekshumiranih iz masovne grobnice u Boboti.<\/p>\n\n\n\n<p>Sljede\u0107e nedjelje slavimo Cvjetnicu \u010dime zapo\u010dinje Veliki tjedan. Na po\u010detku svetih misa bit \u0107e blagoslov gran\u010dica, a u 11:00 sati bit \u0107e sve\u010dani blagoslov ispred crkve nakon \u010dega slijedi sveta misa u crkvi. Caritasove kutijice s va\u0161im nov\u010danim prilozima \u0161to ste ih skupljali tijekom korizme mo\u017eete donijeti sljede\u0107e nedjelje. Redoviti susret \u010dlanova Mjesnoga bratstva OFS-a bit \u0107e u 16:30 sati.<\/p>\n\n\n\n<p>Ispovijed mladih bit \u0107e u konkatedrali u utorak, 12. travnja u 20:00 sati. <\/p>\n\n\n\n<p>Zahvalni za va\u0161u pomo\u0107 kojom poma\u017eete obnovu na\u0161ih crkava i samostana nastradalih u potresima, preporu\u010damo se i nadalje va\u0161oj dobroti. Svoj nov\u010dani prilog mo\u017eete dati u posebno ozna\u010denu \u0161krabicu pri izlazu iz crkve ili u \u017eupni ured ili direktno uplatiti na ra\u010dun koji se nalazi na plakatu ili letku.<\/p>\n\n\n\n<p>Caritas na\u0161e Nadbiskupije nastavlja s projektom \u201eBla\u017eenije je davati nego primati\u201c \u010dime svojim nov\u010danim prilozima i \u017eive\u017enim namirnicama, poma\u017eemo Caritasovu Pu\u010dku kuhinju u Osijeku i Caritasov Centar za prihvat besku\u0107nika \u2013 Osijek. Svoje darove mo\u017eete donijeti u \u017eupni ured. Za potrebite u na\u0161oj \u017eupi prikupljamo do Cvjetnice.<\/p>\n\n\n\n<p>U na\u0161oj \u017eupnoj crkvi obveza je dezinfekcija ruku na ulazu i no\u0161enje maski. Redari nam poma\u017eu u po\u0161tivanju tih mjera.<\/p>\n\n\n\n<p>Molimo sve vas koji jo\u0161 nemate \u017eupnu obiteljsku knji\u017eicu ili je potrebno upisati promjene u postoje\u0107e, da se javite u \u017eupni ured u uredovno vrijeme.<\/p>\n\n\n\n<p>Kupujte i \u010ditajte katoli\u010dki vjerski tisak.<\/p>\n","protected":false},"excerpt":{"rendered":"<p>Slavimo petu korizmenu nedjelju. Ujedno je prva nedjelja u mjesecu kada se svojim molitvama i nov\u010danim prilozima sje\u0107amo na\u0161ih odgojnih ustanova \u2013 sjemeni\u0161ta te molimo za nova duhovna zvanja. Svoj nov\u010dani prilog mo\u017eete dati na izlazu iz crkve. Na izlazu iz crkve mo\u017eete kupiti svije\u0107e \u010dime poma\u017eemo radu obiteljskih centara u na\u0161oj Nadbiskupiji. Sutra je <a href=\"https:\/\/svetaobitelj.hr\/?p=2221\" class=\"more-link\">[&hellip;]<\/a><\/p>\n","protected":false},"author":2,"featured_media":0,"comment_status":"closed","ping_status":"open","sticky":false,"template":"","format":"standard","meta":{"footnotes":""},"categories":[3],"tags":[],"class_list":["entry","author-","post-2221","post","type-post","status-publish","format-standard","category-zupa"],"_links":{"self":[{"href":"https:\/\/svetaobitelj.hr\/index.php?rest_route=\/wp\/v2\/posts\/2221","targetHints":{"allow":["GET"]}}],"collection":[{"href":"https:\/\/svetaobitelj.hr\/index.php?rest_route=\/wp\/v2\/posts"}],"about":[{"href":"https:\/\/svetaobitelj.hr\/index.php?rest_route=\/wp\/v2\/types\/post"}],"author":[{"embeddable":true,"href":"https:\/\/svetaobitelj.hr\/index.php?rest_route=\/wp\/v2\/users\/2"}],"replies":[{"embeddable":true,"href":"https:\/\/svetaobitelj.hr\/index.php?rest_route=%2Fwp%2Fv2%2Fcomments&post=2221"}],"version-history":[{"count":1,"href":"https:\/\/svetaobitelj.hr\/index.php?rest_route=\/wp\/v2\/posts\/2221\/revisions"}],"predecessor-version":[{"id":2222,"href":"https:\/\/svetaobitelj.hr\/index.php?rest_route=\/wp\/v2\/posts\/2221\/revisions\/2222"}],"wp:attachment":[{"href":"https:\/\/svetaobitelj.hr\/index.php?rest_route=%2Fwp%2Fv2%2Fmedia&parent=2221"}],"wp:term":[{"taxonomy":"category","embeddable":true,"href":"https:\/\/svetaobitelj.hr\/index.php?rest_route=%2Fwp%2Fv2%2Fcategories&post=2221"},{"taxonomy":"post_tag","embeddable":true,"href":"https:\/\/svetaobitelj.hr\/index.php?rest_route=%2Fwp%2Fv2%2Ftags&post=2221"}],"curies":[{"name":"wp","href":"https:\/\/api.w.org\/{rel}","templated":true}]}}