{"id":2211,"date":"2022-03-28T14:16:10","date_gmt":"2022-03-28T13:16:10","guid":{"rendered":"http:\/\/svetaobitelj.hr\/?p=2211"},"modified":"2022-04-02T22:10:47","modified_gmt":"2022-04-02T21:10:47","slug":"prisega-zupnih-vijecnika","status":"publish","type":"post","link":"https:\/\/svetaobitelj.hr\/?p=2211","title":{"rendered":"Prisega \u017eupnih vije\u0107nika"},"content":{"rendered":"\n<p>U nedjelju 27.03.2022 pod misom u 11 sati svoju prisegu dali su \u017eupni vije\u0107nici oba vije\u0107a, koji su nakon provedenih izbora potvr\u0111eni od na\u0161ega nadbiskupa \u0110ure Hrani\u0107a. Za \u017dupno pastoralno vije\u0107e: Stipe Crnkovi\u0107, Marija Grahovac, Adrijana Leko, Ana Erkapi\u0107, Danijel Janc, s. Renata Lizatovi\u0107, Miroslav Mlinarevi\u0107, Mirta Jakovac, Josip Male\u0161 i Tatjana \u0160arga\u010d.  Za \u017dupno ekonomsko vije\u0107e: Stipe Crnkovi\u0107, Andrijana Jozanovi\u0107, \u017deljka Kne\u017eevi\u0107 i Milan Vrdoljak. <\/p>\n\n\n\n<p>Na\u0161im \u017eupnim vije\u0107nicima \u017eelimo obilje blagoslova i uspjeha u radu na dobrobit cijeli \u017eupne zajednice, puno dobrih ideja, projekata i ustrajnosti a nadasve zajedni\u0161tva. Neka vas zagovor sv. Franje prati kroz sve godine slu\u017eenja.<\/p>\n\n\n\n<figure class=\"wp-block-image size-large\"><img loading=\"lazy\" decoding=\"async\" width=\"1024\" height=\"768\" src=\"http:\/\/svetaobitelj.hr\/wp-content\/uploads\/2022\/03\/slika-zupno-1024x768.jpg\" alt=\"\" class=\"wp-image-2212\" srcset=\"https:\/\/svetaobitelj.hr\/wp-content\/uploads\/2022\/03\/slika-zupno-1024x768.jpg 1024w, https:\/\/svetaobitelj.hr\/wp-content\/uploads\/2022\/03\/slika-zupno-300x225.jpg 300w, https:\/\/svetaobitelj.hr\/wp-content\/uploads\/2022\/03\/slika-zupno-768x576.jpg 768w, https:\/\/svetaobitelj.hr\/wp-content\/uploads\/2022\/03\/slika-zupno-1536x1152.jpg 1536w, https:\/\/svetaobitelj.hr\/wp-content\/uploads\/2022\/03\/slika-zupno-2048x1536.jpg 2048w\" sizes=\"auto, (max-width: 1024px) 100vw, 1024px\" \/><\/figure>\n\n\n\n<p>Misno slavlje predvodio je \u017eupnik fra Dragutin, a pod misom liturgijsko pjevanje animirali su frama\u0161i iz Vara\u017edina s kojima je do\u0161ao njihov duhovni asistent fra Dra\u017een Kova\u010d. Od srca im zahvaljujemo na predivnom pjevanju i sviranju, te se nadamo da \u0107emo se uskoro ponovno vidjeti.<\/p>\n\n\n\n<figure class=\"wp-block-image size-large\"><img loading=\"lazy\" decoding=\"async\" width=\"1024\" height=\"768\" src=\"http:\/\/svetaobitelj.hr\/wp-content\/uploads\/2022\/03\/slika-vz-1024x768.jpg\" alt=\"\" class=\"wp-image-2213\" srcset=\"https:\/\/svetaobitelj.hr\/wp-content\/uploads\/2022\/03\/slika-vz-1024x768.jpg 1024w, https:\/\/svetaobitelj.hr\/wp-content\/uploads\/2022\/03\/slika-vz-300x225.jpg 300w, https:\/\/svetaobitelj.hr\/wp-content\/uploads\/2022\/03\/slika-vz-768x576.jpg 768w, https:\/\/svetaobitelj.hr\/wp-content\/uploads\/2022\/03\/slika-vz-1536x1152.jpg 1536w, https:\/\/svetaobitelj.hr\/wp-content\/uploads\/2022\/03\/slika-vz-2048x1536.jpg 2048w\" sizes=\"auto, (max-width: 1024px) 100vw, 1024px\" \/><\/figure>\n\n\n\n<p><\/p>\n","protected":false},"excerpt":{"rendered":"<p>U nedjelju 27.03.2022 pod misom u 11 sati svoju prisegu dali su \u017eupni vije\u0107nici oba vije\u0107a, koji su nakon provedenih izbora potvr\u0111eni od na\u0161ega nadbiskupa \u0110ure Hrani\u0107a. Za \u017dupno pastoralno vije\u0107e: Stipe Crnkovi\u0107, Marija Grahovac, Adrijana Leko, Ana Erkapi\u0107, Danijel Janc, s. Renata Lizatovi\u0107, Miroslav Mlinarevi\u0107, Mirta Jakovac, Josip Male\u0161 i Tatjana \u0160arga\u010d. Za \u017dupno <a href=\"https:\/\/svetaobitelj.hr\/?p=2211\" class=\"more-link\">[&hellip;]<\/a><\/p>\n","protected":false},"author":2,"featured_media":0,"comment_status":"closed","ping_status":"open","sticky":false,"template":"","format":"standard","meta":{"footnotes":""},"categories":[3],"tags":[],"class_list":["entry","author-","post-2211","post","type-post","status-publish","format-standard","category-zupa"],"_links":{"self":[{"href":"https:\/\/svetaobitelj.hr\/index.php?rest_route=\/wp\/v2\/posts\/2211","targetHints":{"allow":["GET"]}}],"collection":[{"href":"https:\/\/svetaobitelj.hr\/index.php?rest_route=\/wp\/v2\/posts"}],"about":[{"href":"https:\/\/svetaobitelj.hr\/index.php?rest_route=\/wp\/v2\/types\/post"}],"author":[{"embeddable":true,"href":"https:\/\/svetaobitelj.hr\/index.php?rest_route=\/wp\/v2\/users\/2"}],"replies":[{"embeddable":true,"href":"https:\/\/svetaobitelj.hr\/index.php?rest_route=%2Fwp%2Fv2%2Fcomments&post=2211"}],"version-history":[{"count":2,"href":"https:\/\/svetaobitelj.hr\/index.php?rest_route=\/wp\/v2\/posts\/2211\/revisions"}],"predecessor-version":[{"id":2237,"href":"https:\/\/svetaobitelj.hr\/index.php?rest_route=\/wp\/v2\/posts\/2211\/revisions\/2237"}],"wp:attachment":[{"href":"https:\/\/svetaobitelj.hr\/index.php?rest_route=%2Fwp%2Fv2%2Fmedia&parent=2211"}],"wp:term":[{"taxonomy":"category","embeddable":true,"href":"https:\/\/svetaobitelj.hr\/index.php?rest_route=%2Fwp%2Fv2%2Fcategories&post=2211"},{"taxonomy":"post_tag","embeddable":true,"href":"https:\/\/svetaobitelj.hr\/index.php?rest_route=%2Fwp%2Fv2%2Ftags&post=2211"}],"curies":[{"name":"wp","href":"https:\/\/api.w.org\/{rel}","templated":true}]}}