{"id":2209,"date":"2022-03-25T15:25:30","date_gmt":"2022-03-25T14:25:30","guid":{"rendered":"https:\/\/svetaobitelj.hr\/?p=2209"},"modified":"2022-03-25T15:25:30","modified_gmt":"2022-03-25T14:25:30","slug":"zupne-obavijesti-4-korizmena-nedjelja-3","status":"publish","type":"post","link":"https:\/\/svetaobitelj.hr\/?p=2209","title":{"rendered":"\u017dupne obavijesti: 4. korizmena nedjelja"},"content":{"rendered":"\n<p><strong>Slavimo \u010detvrtu korizmenu nedjelju. <\/strong><strong><\/strong><\/p>\n\n\n\n<p><strong>Sutra je biblijski sat nakon ve\u010dernje svete mise.<\/strong><\/p>\n\n\n\n<p><strong>Utorkom je pobo\u017enost trinaest utoraka na \u010dast sv. Antunu Padovanskom u 18:15 sati.<\/strong><\/p>\n\n\n\n<p><strong>U srijedu i petak pobo\u017enost je kri\u017enoga puta u 18:00 sati, a srijedom je nakon ve\u010dernje svete mise susret molitvene zajednice.<\/strong><\/p>\n\n\n\n<p><strong>Sljede\u0107e nedjelje slavimo petu korizmenu nedjelju. Ujedno je prva nedjelja u mjesecu kada se svojim molitvama i nov\u010danim prilozima sje\u0107amo na\u0161ih odgojnih ustanova \u2013 sjemeni\u0161ta te molimo za nova duhovna zvanja. Pod jutarnjom svetom misom molit \u0107emo za dobro\u010dinitelje ove na\u0161e crkve i samostana. <\/strong><strong><\/strong><\/p>\n\n\n\n<p><strong>Ispovijed starijih i bolesnih osoba po ku\u0107ama koji ne mogu do\u0107i u crkvu bit \u0107e u ponedjeljak, 4. travnja, od 8:30 sati. Potrebno je prijaviti ih u \u017eupni ured u uredovno vrijeme. Ispovijed za ostale je redovita prije svetih misa u \u017eupnom uredu.<\/strong><strong><\/strong><\/p>\n\n\n\n<p><strong>Zahvalni za va\u0161u pomo\u0107 kojom poma\u017eete obnovu na\u0161ih crkava i samostana nastradalih u potresima, preporu\u010damo se i nadalje va\u0161oj dobroti. Svoj nov\u010dani prilog mo\u017eete dati u posebno ozna\u010denu \u0161krabicu pri izlazu iz crkve ili u \u017eupni ured ili direktno uplatiti na ra\u010dun koji se nalazi na plakatu ili letku.<\/strong><\/p>\n\n\n\n<p><strong>Caritas na\u0161e Nadbiskupije nastavlja s projektom \u201eBla\u017eenije je davati nego primati\u201c \u010dime svojim nov\u010danim prilozima i \u017eive\u017enim namirnicama, poma\u017eemo Caritasovu Pu\u010dku kuhinju u Osijeku i Caritasov Centar za prihvat besku\u0107nika \u2013 Osijek. Svoje darove mo\u017eete donijeti u \u017eupni ured. Za potrebite u na\u0161oj \u017eupi prikupljamo od ove nedjelje pa do Cvjetnice.<\/strong><\/p>\n\n\n\n<p><strong>Zahvaljujemo svima koji ste sudjelovali u akciji za pomo\u0107 Ukrajini.<\/strong><\/p>\n\n\n\n<p><strong>U na\u0161oj \u017eupnoj crkvi obveza je dezinfekcija ruku na ulazu i no\u0161enje maski. Redari nam poma\u017eu u po\u0161tivanju tih mjera.<\/strong><\/p>\n\n\n\n<p><strong>Molimo sve vas koji jo\u0161 nemate \u017eupnu obiteljsku knji\u017eicu ili je potrebno upisati promjene u postoje\u0107e, da se javite u \u017eupni ured u uredovno vrijeme. &nbsp;&nbsp;&nbsp;&nbsp;<\/strong><\/p>\n\n\n\n<p><strong>Kupujte i \u010ditajte katoli\u010dki vjerski tisak.<\/strong><\/p>\n","protected":false},"excerpt":{"rendered":"<p>Slavimo \u010detvrtu korizmenu nedjelju. Sutra je biblijski sat nakon ve\u010dernje svete mise. Utorkom je pobo\u017enost trinaest utoraka na \u010dast sv. Antunu Padovanskom u 18:15 sati. U srijedu i petak pobo\u017enost je kri\u017enoga puta u 18:00 sati, a srijedom je nakon ve\u010dernje svete mise susret molitvene zajednice. Sljede\u0107e nedjelje slavimo petu korizmenu nedjelju. Ujedno je prva <a href=\"https:\/\/svetaobitelj.hr\/?p=2209\" class=\"more-link\">[&hellip;]<\/a><\/p>\n","protected":false},"author":2,"featured_media":0,"comment_status":"closed","ping_status":"open","sticky":false,"template":"","format":"standard","meta":{"footnotes":""},"categories":[3],"tags":[],"class_list":["entry","author-","post-2209","post","type-post","status-publish","format-standard","category-zupa"],"_links":{"self":[{"href":"https:\/\/svetaobitelj.hr\/index.php?rest_route=\/wp\/v2\/posts\/2209","targetHints":{"allow":["GET"]}}],"collection":[{"href":"https:\/\/svetaobitelj.hr\/index.php?rest_route=\/wp\/v2\/posts"}],"about":[{"href":"https:\/\/svetaobitelj.hr\/index.php?rest_route=\/wp\/v2\/types\/post"}],"author":[{"embeddable":true,"href":"https:\/\/svetaobitelj.hr\/index.php?rest_route=\/wp\/v2\/users\/2"}],"replies":[{"embeddable":true,"href":"https:\/\/svetaobitelj.hr\/index.php?rest_route=%2Fwp%2Fv2%2Fcomments&post=2209"}],"version-history":[{"count":1,"href":"https:\/\/svetaobitelj.hr\/index.php?rest_route=\/wp\/v2\/posts\/2209\/revisions"}],"predecessor-version":[{"id":2210,"href":"https:\/\/svetaobitelj.hr\/index.php?rest_route=\/wp\/v2\/posts\/2209\/revisions\/2210"}],"wp:attachment":[{"href":"https:\/\/svetaobitelj.hr\/index.php?rest_route=%2Fwp%2Fv2%2Fmedia&parent=2209"}],"wp:term":[{"taxonomy":"category","embeddable":true,"href":"https:\/\/svetaobitelj.hr\/index.php?rest_route=%2Fwp%2Fv2%2Fcategories&post=2209"},{"taxonomy":"post_tag","embeddable":true,"href":"https:\/\/svetaobitelj.hr\/index.php?rest_route=%2Fwp%2Fv2%2Ftags&post=2209"}],"curies":[{"name":"wp","href":"https:\/\/api.w.org\/{rel}","templated":true}]}}