{"id":2206,"date":"2022-03-22T12:48:50","date_gmt":"2022-03-22T11:48:50","guid":{"rendered":"http:\/\/svetaobitelj.hr\/?p=2206"},"modified":"2022-04-02T22:11:32","modified_gmt":"2022-04-02T21:11:32","slug":"za-ublazavanje-mjera-spremni","status":"publish","type":"post","link":"https:\/\/svetaobitelj.hr\/?p=2206","title":{"rendered":"Za ubla\u017eavanje mjera &#8211; spremni"},"content":{"rendered":"\n<figure class=\"wp-block-image size-large\"><img loading=\"lazy\" decoding=\"async\" width=\"1024\" height=\"768\" src=\"http:\/\/svetaobitelj.hr\/wp-content\/uploads\/2022\/03\/slika4-1024x768.jpg\" alt=\"\" class=\"wp-image-2207\" srcset=\"https:\/\/svetaobitelj.hr\/wp-content\/uploads\/2022\/03\/slika4-1024x768.jpg 1024w, https:\/\/svetaobitelj.hr\/wp-content\/uploads\/2022\/03\/slika4-300x225.jpg 300w, https:\/\/svetaobitelj.hr\/wp-content\/uploads\/2022\/03\/slika4-768x576.jpg 768w, https:\/\/svetaobitelj.hr\/wp-content\/uploads\/2022\/03\/slika4-1536x1152.jpg 1536w, https:\/\/svetaobitelj.hr\/wp-content\/uploads\/2022\/03\/slika4-2048x1536.jpg 2048w\" sizes=\"auto, (max-width: 1024px) 100vw, 1024px\" \/><\/figure>\n\n\n\n<p>Nakon potvrde civilnog sto\u017eera da se pove\u0107ava broj ljudi koji smiju sudjelovati na okupljanjima u zatvorenom prostoru, na\u0161i vrijedni redari zajedno sa \u017eupnikom i kapelanom, donijeli su stolice i pove\u0107ali broj sjede\u0107ih mjesta u na\u0161oj \u017eupi. Predivan je osje\u0107aj vidjeti opet onaj &#8220;stari&#8221; raspored u na\u0161oj crkvi. Do daljnjeg ostaju na snazi uredbe o obveznom no\u0161enju za\u0161titne maske i dezinfekcije ruku, nadajmo se i molimo Gospodina da se i te mjere uskoro ukinu. Do tada Bogu smo zahvalni na snazi, zdravlju i svim blagoslovima koje nam daje. <\/p>\n","protected":false},"excerpt":{"rendered":"<p>Nakon potvrde civilnog sto\u017eera da se pove\u0107ava broj ljudi koji smiju sudjelovati na okupljanjima u zatvorenom prostoru, na\u0161i vrijedni redari zajedno sa \u017eupnikom i kapelanom, donijeli su stolice i pove\u0107ali broj sjede\u0107ih mjesta u na\u0161oj \u017eupi. Predivan je osje\u0107aj vidjeti opet onaj &#8220;stari&#8221; raspored u na\u0161oj crkvi. Do daljnjeg ostaju na snazi uredbe o obveznom <a href=\"https:\/\/svetaobitelj.hr\/?p=2206\" class=\"more-link\">[&hellip;]<\/a><\/p>\n","protected":false},"author":2,"featured_media":0,"comment_status":"closed","ping_status":"open","sticky":false,"template":"","format":"standard","meta":{"footnotes":""},"categories":[3],"tags":[],"class_list":["entry","author-","post-2206","post","type-post","status-publish","format-standard","category-zupa"],"_links":{"self":[{"href":"https:\/\/svetaobitelj.hr\/index.php?rest_route=\/wp\/v2\/posts\/2206","targetHints":{"allow":["GET"]}}],"collection":[{"href":"https:\/\/svetaobitelj.hr\/index.php?rest_route=\/wp\/v2\/posts"}],"about":[{"href":"https:\/\/svetaobitelj.hr\/index.php?rest_route=\/wp\/v2\/types\/post"}],"author":[{"embeddable":true,"href":"https:\/\/svetaobitelj.hr\/index.php?rest_route=\/wp\/v2\/users\/2"}],"replies":[{"embeddable":true,"href":"https:\/\/svetaobitelj.hr\/index.php?rest_route=%2Fwp%2Fv2%2Fcomments&post=2206"}],"version-history":[{"count":2,"href":"https:\/\/svetaobitelj.hr\/index.php?rest_route=\/wp\/v2\/posts\/2206\/revisions"}],"predecessor-version":[{"id":2238,"href":"https:\/\/svetaobitelj.hr\/index.php?rest_route=\/wp\/v2\/posts\/2206\/revisions\/2238"}],"wp:attachment":[{"href":"https:\/\/svetaobitelj.hr\/index.php?rest_route=%2Fwp%2Fv2%2Fmedia&parent=2206"}],"wp:term":[{"taxonomy":"category","embeddable":true,"href":"https:\/\/svetaobitelj.hr\/index.php?rest_route=%2Fwp%2Fv2%2Fcategories&post=2206"},{"taxonomy":"post_tag","embeddable":true,"href":"https:\/\/svetaobitelj.hr\/index.php?rest_route=%2Fwp%2Fv2%2Ftags&post=2206"}],"curies":[{"name":"wp","href":"https:\/\/api.w.org\/{rel}","templated":true}]}}