{"id":2180,"date":"2022-03-12T11:27:11","date_gmt":"2022-03-12T10:27:11","guid":{"rendered":"https:\/\/svetaobitelj.hr\/?p=2180"},"modified":"2022-03-12T18:27:02","modified_gmt":"2022-03-12T17:27:02","slug":"zupne-obavijesti-2-korizmena-nedjelja-4","status":"publish","type":"post","link":"https:\/\/svetaobitelj.hr\/?p=2180","title":{"rendered":"\u017dupne obavijesti: 2. korizmena nedjelja"},"content":{"rendered":"\n<p>Slavimo drugu korizmenu nedjelju. Zapo\u010dinje Tjedan solidarnosti s bra\u0107om i sestrama u Bosni i Hercegovini. Odlukom na\u0161ega nadbiskupa, mons. \u0110ure Hrani\u0107a, u \u010ditavoj na\u0161oj nadbiskupiji danas su izbori za nove \u010dlanove \u017eupnih pastoralnih i ekonomskih vije\u0107a pa je tako i u na\u0161oj \u017eupi. Kandidate za \u017eupna vije\u0107a imate na oglasnoj plo\u010di kao i na vratima na ulazu u donji dio crkve. Na izbore mogu iza\u0107i svi punoljetni \u017eupljani koji su primili sakramente kr\u0161\u0107anske inicijacije. \u010clanovi izbornog odbora su: Ru\u017ea Vinkovi\u0107, Ilija Mijatovi\u0107, Katica Milohnoja, Filipina \u0160arga\u010d i Ana \u0160imovi\u0107. Izborno mjesto gdje \u0107ete mo\u0107i glasovati bit \u0107e u donjem dijelu crkve nakon svetih misa gdje \u0107ete biti i upu\u0107eni kako glasovati. Za ekonomsko vije\u0107e potrebno je zaokru\u017eiti brojeve ispred \u010detiri kandidata, a za pastoralno vije\u0107e treba zaokru\u017eiti brojeve ispred kandidata koji su raspodijeljeni prema odborima kako i pi\u0161e na izbornom listu (2 za Odbor za navije\u0161tanje, 3 za Odbor za liturgijski i molitveni \u017eivot i 3 za Odbor za karitativno djelovanje).<\/p>\n\n\n\n<p>Danas je redoviti susret Mjesnoga bratstva OFS-a u 16:30 sati.<\/p>\n\n\n\n<p>Sutra je biblijski sat nakon ve\u010dernje svete mise. U utorak zapo\u010dinje pobo\u017enost trinaest utoraka na \u010dast sv. Antunu Padovanskom u 18:15 sati. U petak se spominjemo smrti sluge Bo\u017ejega fra Vendelina Vo\u0161njaka, osniva\u010da na\u0161e Hrvatske franjeva\u010dke provincije sv. \u0106irila i Metoda, koji je umro 1933. godine. Za njega je pokrenut postupak za progla\u0161enje bla\u017eenim. U subotu slavimo sv. Josipa, zaru\u010dnika Bla\u017eene Djevice Marije. Svete mise su u 7:30 i 18:30 sati.<\/p>\n\n\n\n<p>Sljede\u0107e nedjelje slavimo tre\u0107u korizmenu nedjelju kada i zavr\u0161ava Tjedan solidarnosti s Crkvom u Bosni i Hercegovini. Nakon svetih misa skupljat \u0107emo nov\u010dane priloge za na\u0161u bra\u0107u i sestre s kojima \u017eelimo biti materijalno, molitveno i duhovno povezani. Svoje nov\u010dane priloge mo\u017eete donijeti ovaj tjedan i u \u017eupni ured u uredovno vrijeme. <\/p>\n\n\n\n<p>Nadbiskupijski kri\u017eni put za mlade bit \u0107e 2. travnja ove godine od Dragotina do Centra za duhovne obnove \u201eBo\u017eje milosr\u0111e\u201c na Ov\u010dari. Zainteresirani neka se jave u \u017eupni ured do kraja o\u017eujka, a o Kri\u017enom putu mladi se mogu informirati i na dru\u0161tvenim mre\u017eama Ureda za pastoral mladih na\u0161e nadbiskupije. <\/p>\n\n\n\n<p>Zahvalni za va\u0161u pomo\u0107 kojom poma\u017eete obnovu na\u0161ih crkava i samostana nastradalih u potresima, preporu\u010damo se i nadalje va\u0161oj dobroti. Svoj nov\u010dani prilog mo\u017eete dati u posebno ozna\u010denu \u0161krabicu pri izlazu iz crkve ili u \u017eupni ured ili direktno uplatiti na ra\u010dun koji se nalazi na plakatu ili letku.<\/p>\n\n\n\n<p>Caritas na\u0161e Nadbiskupije nastavlja s projektom \u201eBla\u017eenije je davati nego primati\u201c \u010dime svojim nov\u010danim prilozima i \u017eive\u017enim namirnicama, poma\u017eemo Caritasovu Pu\u010dku kuhinju u Osijeku i Caritasov Centar za prihvat besku\u0107nika \u2013 Osijek. Svoje darove mo\u017eete donijeti u \u017eupni ured. Za potrebite u na\u0161oj \u017eupi prikupljat \u0107emo izme\u0111u \u010detvrte korizmene nedjelje i Cvjetnice. <\/p>\n\n\n\n<p>Pozvani smo na prikupljanje humanitarne materijalne pomo\u0107i za Ukrajinu kao i za izbjeglice iz Ukrajine. Na oglasnoj plo\u010di imate popis \u0161to se sve prikuplja od higijenskih potrep\u0161tina i prehrambenih proizvoda. Tko \u017eeli primiti izbjeglice potrebno je prijaviti se u \u017eupnom uredu radi evidencije. <\/p>\n\n\n\n<p>U na\u0161oj \u017eupnoj crkvi obveza je dezinfekcija ruku na ulazu, no\u0161enje maski i potrebna udaljenost. Redari nam poma\u017eu u po\u0161tivanju tih mjera. Molimo sve vas koji jo\u0161 nemate \u017eupnu obiteljsku knji\u017eicu ili je potrebno upisati promjene u postoje\u0107e, da se javite u \u017eupni ured u uredovno vrijeme.<\/p>\n\n\n\n<p>Kupujte i \u010ditajte katoli\u010dki vjerski tisak.<\/p>\n\n\n\n<p>POPIS NAMIRNICA<\/p>\n\n\n\n<p>BRA\u0160NO, ULJE, KONZERVE \u2013 MESNE I RIBLJE, KONZERVIRANO VO\u0106E I POVR\u0106E, KONZERVE GOVE\u0110EG GULA\u0160A, \u0160E\u0106ER, RI\u017dA, GRIS, KA\u0160ICE ZA BEBE, KRUH (DVOPEK\/TOST), TJESTENINA, VEGETA, INSTANT JUHE, SOL, KVASAC, KAVA, \u010cAJ, INSTANT GOTOVA JELA, ORA\u0160ASTI PLODOVI, ENERGETSKE PLO\u010cICE, SOKOVI U TETRAPAKU, SLATKI NAMAZI (\u010cOKOLADNI, MARMELADE) MED, OCAT, PALENTA, \u017dITARICE, KREKERI, PROTEINSKI KEKSI, MLIJEKO (TRAJNO), VODA (PAKIRANJE OD 0,5 DO 1,5 L) <\/p>\n\n\n\n<p>POPIS HIGIJENA I OPREME <\/p>\n\n\n\n<p>DJE\u010cJE PELENE, HIGIJENSKI ULO\u0160CI, GEL ZA TU\u0160IRANJE, SAPUN ZA RUKE, \u0160AMPON ZA KOSU, \u010cETKICE ZA ZUBE, PASTA ZA ZUBE, TEKU\u0106INA ZA ISPIRANJE USNE \u0160UPLJINE, KREMA ZA BEBE, KUHINJSKI UBRUS, TOALETNI PAPIR, MARAMICE SUHE, MARAMICE VLA\u017dNE, JEDNOKRATNI BRIJA\u010c, ZA\u0160TITNE MASKE, DEZINFIJENSI, JEDNOKRATNO POSU\u0110E, BATERIJE, VRE\u0106E ZA SPAVANJE, DEKE, SKLOPIVI KREVETI, SVJETILJKE S PUNJIVIM BATERIJAMA, PODLOGA ZA SPAVANJE, VI\u0160ELITARSKA TERMOSICA, SET PRVE POMO\u0106I, TERMO FOLIJE, GRIJALICE, BESKONTAKTNI INFRACRVENI TERMOMETAR, PRIJENOSNI PUNJIVI\/BATERIJSKI PUNJA\u010c<\/p>\n","protected":false},"excerpt":{"rendered":"<p>Slavimo drugu korizmenu nedjelju. Zapo\u010dinje Tjedan solidarnosti s bra\u0107om i sestrama u Bosni i Hercegovini. Odlukom na\u0161ega nadbiskupa, mons. \u0110ure Hrani\u0107a, u \u010ditavoj na\u0161oj nadbiskupiji danas su izbori za nove \u010dlanove \u017eupnih pastoralnih i ekonomskih vije\u0107a pa je tako i u na\u0161oj \u017eupi. Kandidate za \u017eupna vije\u0107a imate na oglasnoj plo\u010di kao i na vratima <a href=\"https:\/\/svetaobitelj.hr\/?p=2180\" class=\"more-link\">[&hellip;]<\/a><\/p>\n","protected":false},"author":2,"featured_media":0,"comment_status":"closed","ping_status":"open","sticky":false,"template":"","format":"standard","meta":{"footnotes":""},"categories":[3],"tags":[],"class_list":["entry","author-","post-2180","post","type-post","status-publish","format-standard","category-zupa"],"_links":{"self":[{"href":"https:\/\/svetaobitelj.hr\/index.php?rest_route=\/wp\/v2\/posts\/2180","targetHints":{"allow":["GET"]}}],"collection":[{"href":"https:\/\/svetaobitelj.hr\/index.php?rest_route=\/wp\/v2\/posts"}],"about":[{"href":"https:\/\/svetaobitelj.hr\/index.php?rest_route=\/wp\/v2\/types\/post"}],"author":[{"embeddable":true,"href":"https:\/\/svetaobitelj.hr\/index.php?rest_route=\/wp\/v2\/users\/2"}],"replies":[{"embeddable":true,"href":"https:\/\/svetaobitelj.hr\/index.php?rest_route=%2Fwp%2Fv2%2Fcomments&post=2180"}],"version-history":[{"count":4,"href":"https:\/\/svetaobitelj.hr\/index.php?rest_route=\/wp\/v2\/posts\/2180\/revisions"}],"predecessor-version":[{"id":2197,"href":"https:\/\/svetaobitelj.hr\/index.php?rest_route=\/wp\/v2\/posts\/2180\/revisions\/2197"}],"wp:attachment":[{"href":"https:\/\/svetaobitelj.hr\/index.php?rest_route=%2Fwp%2Fv2%2Fmedia&parent=2180"}],"wp:term":[{"taxonomy":"category","embeddable":true,"href":"https:\/\/svetaobitelj.hr\/index.php?rest_route=%2Fwp%2Fv2%2Fcategories&post=2180"},{"taxonomy":"post_tag","embeddable":true,"href":"https:\/\/svetaobitelj.hr\/index.php?rest_route=%2Fwp%2Fv2%2Ftags&post=2180"}],"curies":[{"name":"wp","href":"https:\/\/api.w.org\/{rel}","templated":true}]}}