{"id":218,"date":"2018-03-17T09:42:18","date_gmt":"2018-03-17T08:42:18","guid":{"rendered":"http:\/\/svetaobitelj.hr\/?p=218"},"modified":"2020-01-29T21:59:11","modified_gmt":"2020-01-29T20:59:11","slug":"218","status":"publish","type":"post","link":"https:\/\/svetaobitelj.hr\/?p=218","title":{"rendered":"\u017dupne obavijesti: 5. korizmena nedjelja"},"content":{"rendered":"<p>5. KORIZMENA NEDJELJA<br \/>\n18. o\u017eujka 2018.<\/p>\n<p>1.\tDanas slavimo 5. korizmenu nedjelju. Godi\u0161njica je smrti Sluge Bo\u017ejega fra Vendelina Vo\u0161njaka, osniva\u010da na\u0161e Hrvatske franjeva\u010dke provincije sv. \u0106irila i Metoda. Pod svetim misama u na\u0161oj \u017dupi go\u0161\u0107e su sestre misionarke iz Benina koje pripadaju dru\u017ebi Marijine sestre. U Aljma\u0161u je u 16:00 sati obiteljski kri\u017eni put na kojem sudjeluju bra\u010dni parovi osje\u010dkih dekanata.<\/p>\n<p>2.\tSutra slavimo svetog Josipa, Zaru\u010dnika Bla\u017eene Djevice Marije. Svete mise su u 7:30 i 18:30 sati. Ne\u0107e biti biblijskog sata. <\/p>\n<p>3.\tU utorak je ispovijed starih i bolesnih po obiteljima od 8:30 sati. Pobo\u017enost Trinaest utoraka sv. Antunu Padovanskom zapo\u010dinje u 18:15 sati.<\/p>\n<p>4.\tU srijedu je velika preduskrsna ispovijed u na\u0161oj \u017eupi u 9:00 i u 15:00 sati. Pozivamo sve na\u0161e vjernike na ovu ispovijed kada \u0107e biti na raspolaganju i vi\u0161e sve\u0107enika. Srijedom i petkom je pobo\u017enost kri\u017enog puta u 18:00 sati. U srijedu je nakon ve\u010dernje svete mise susret \u010dita\u010da. Susret imaju i \u010dlanovi Sch\u00f6nstatske obitelji.<\/p>\n<p>5.\tU \u010detvrtak je socijalna tribina u Vikarijatu (Strossmayerova 58, Osijek) koju vodi mr. sc. Igor Jakobfi s po\u010detkom u 19:30 sati.<\/p>\n<p>6.\tSljede\u0107e nedjelje slavimo Nedjelju Muke Gospodnje ili Cvjetnicu kojom zapo\u010dinje Veliki tjedan. Svete mise su po nedjeljnom rasporedu. Sve\u010dani blagoslov gran\u010dica bit \u0107e u 9:00 sati ispred crkve nakon \u010dega slijedi sveta misa u crkvi. Blagoslov gran\u010dica je na po\u010detku svake svete mise. Jo\u0161 ovaj tjedan prikupljamo novac, hranu i higijenske potrep\u0161tine za na\u0161e \u017eupljane u potrebi. Caritasove kutijice koje ste uzeli na prvu korizmenu nedjelju mo\u017eete donijeti na Cvjetnicu te \u0107e taj dar biti namijenjen za potrebite.<\/p>\n<p>7.\tCaritas na\u0161e Nadbiskupije u Osje\u010dkom isto\u010dnom, Osje\u010dkom zapadnom i \u010cepinskom dekanatu i ove korizme provodi projekt &#8220;Bla\u017eenije je davati nego primati&#8221; kako bi se pomoglo Pu\u010dkoj kuhinji u Osijeku kao i Centru za prihvat besku\u0107nika. U tijeku je i akcija &#8220;Dje\u010dja ko\u0161arica &#8211; Uskrs 2018.&#8221;, kada prikupljamo dje\u010dje potrep\u0161tine te nov\u010dana sredstva za obitelji s malom djecom na podru\u010dju grada Osijeka i okolice. Svoje darove mo\u017eete donijeti u \u017eupni ured.<\/p>\n<p>8.\tKupujte i \u010ditajte vjerski tisak. <\/p>\n","protected":false},"excerpt":{"rendered":"<p>5. KORIZMENA NEDJELJA 18. o\u017eujka 2018. 1. Danas slavimo 5. korizmenu nedjelju. Godi\u0161njica je smrti Sluge Bo\u017ejega fra Vendelina Vo\u0161njaka, osniva\u010da na\u0161e Hrvatske franjeva\u010dke provincije sv. \u0106irila i Metoda. Pod svetim misama u na\u0161oj \u017dupi go\u0161\u0107e su sestre misionarke iz Benina koje pripadaju dru\u017ebi Marijine sestre. U Aljma\u0161u je u 16:00 sati obiteljski kri\u017eni put <a href=\"https:\/\/svetaobitelj.hr\/?p=218\" class=\"more-link\">[&hellip;]<\/a><\/p>\n","protected":false},"author":2,"featured_media":0,"comment_status":"closed","ping_status":"closed","sticky":false,"template":"","format":"standard","meta":{"footnotes":""},"categories":[3],"tags":[],"class_list":["entry","author-","post-218","post","type-post","status-publish","format-standard","category-zupa"],"_links":{"self":[{"href":"https:\/\/svetaobitelj.hr\/index.php?rest_route=\/wp\/v2\/posts\/218","targetHints":{"allow":["GET"]}}],"collection":[{"href":"https:\/\/svetaobitelj.hr\/index.php?rest_route=\/wp\/v2\/posts"}],"about":[{"href":"https:\/\/svetaobitelj.hr\/index.php?rest_route=\/wp\/v2\/types\/post"}],"author":[{"embeddable":true,"href":"https:\/\/svetaobitelj.hr\/index.php?rest_route=\/wp\/v2\/users\/2"}],"replies":[{"embeddable":true,"href":"https:\/\/svetaobitelj.hr\/index.php?rest_route=%2Fwp%2Fv2%2Fcomments&post=218"}],"version-history":[{"count":2,"href":"https:\/\/svetaobitelj.hr\/index.php?rest_route=\/wp\/v2\/posts\/218\/revisions"}],"predecessor-version":[{"id":220,"href":"https:\/\/svetaobitelj.hr\/index.php?rest_route=\/wp\/v2\/posts\/218\/revisions\/220"}],"wp:attachment":[{"href":"https:\/\/svetaobitelj.hr\/index.php?rest_route=%2Fwp%2Fv2%2Fmedia&parent=218"}],"wp:term":[{"taxonomy":"category","embeddable":true,"href":"https:\/\/svetaobitelj.hr\/index.php?rest_route=%2Fwp%2Fv2%2Fcategories&post=218"},{"taxonomy":"post_tag","embeddable":true,"href":"https:\/\/svetaobitelj.hr\/index.php?rest_route=%2Fwp%2Fv2%2Ftags&post=218"}],"curies":[{"name":"wp","href":"https:\/\/api.w.org\/{rel}","templated":true}]}}