{"id":2165,"date":"2022-03-05T12:34:47","date_gmt":"2022-03-05T11:34:47","guid":{"rendered":"https:\/\/svetaobitelj.hr\/?p=2165"},"modified":"2022-03-06T09:52:12","modified_gmt":"2022-03-06T08:52:12","slug":"zupne-obavijesti-1-korizmena-nedjelja-4","status":"publish","type":"post","link":"https:\/\/svetaobitelj.hr\/?p=2165","title":{"rendered":"\u017dupne obavijesti: 1. korizmena nedjelja"},"content":{"rendered":"\n<p>Slavimo prvu korizmenu nedjelju. Prva je nedjelja u mjesecu kada se svojim molitvama i nov\u010danim prilozima sje\u0107amo sjemeni\u0161ta i molimo za duhovna zvanja. U na\u0161oj \u017eupi skupljamo nov\u010dane priloge za Ukrajince nakon svetih misa, koji \u0107e biti putem Caritasa na\u0161e nadbiskupije proslije\u0111eni \u017ertvama rata te prognanicima i izbjeglicama iz Ukrajine. Svoj nov\u010dani dar za sjemeni\u0161ta i za Ukrajinu mo\u017eete dati na izlazu iz crkve.<\/p>\n\n\n\n<p>Pozvani smo od na\u0161ega nadbiskupa da otvorimo vrata na\u0161ih domova te prihvatimo prognanike i izbjeglice iz Ukrajine. Svoje smje\u0161tajne mogu\u0107nosti potrebno je prijaviti karitativnoj skupini na\u0161e \u017dupe te da u suradnji s Caritasom \u0110akova\u010dko-osje\u010dke nadbiskupije i mjerodavnim gra\u0111anskim slu\u017ebama na regionalnoj i lokalnoj razini, osiguramo smje\u0161taj, prehranu te socijalnu i zdravstvenu skrb onima koji to zatra\u017ee i kojima \u0107e takva pomo\u0107 biti potrebna. Svojim osobnim i zajedni\u010dkim molitvama molimo za prestanak nasilja i rata na podru\u010dju Ukrajine.<\/p>\n\n\n\n<p>Sutra ne\u0107e biti biblijskog sata nakon ve\u010dernje svete mise.<\/p>\n\n\n\n<p>Sljede\u0107e nedjelje slavimo drugu korizmenu nedjelju. Redoviti mjese\u010dni susret Mjesnoga bratstva OFS-a bit \u0107e u 16:30 sati.<\/p>\n\n\n\n<p>Odlukom na\u0161ega nadbiskupa, mons. \u0110ure Hrani\u0107a, u \u010ditavoj na\u0161oj nadbiskupiji sljede\u0107e nedjelje su izbori za nove \u010dlanove \u017eupnih pastoralnih i ekonomskih vije\u0107a pa \u0107e tako biti i u na\u0161oj \u017eupi. Pozvani smo da se kao vjernici i \u017eupljani duhovno i molitveno pripremimo za izbore. Kandidate za \u017eupna vije\u0107a imate na oglasnoj plo\u010di. Na izbore mogu iza\u0107i svi punoljetni \u017eupljani koji su primili sakramente kr\u0161\u0107anske inicijacije. \u010clanovi izbornog odbora su: Ru\u017ea Vinkovi\u0107, Ilija Mijatovi\u0107, Katica Milohnoja, Filipina \u0160arga\u010d i Ana \u0160imovi\u0107. Izborno mjesto gdje \u0107ete mo\u0107i glasovati bit \u0107e u donjem dijelu crkve nakon svetih misa gdje \u0107ete biti i upu\u0107eni kako glasovati.<\/p>\n\n\n\n<p>Nadbiskupijski kri\u017eni put za mlade bit \u0107e 2. travnja ove godine od Dragotina do Centra za duhovne obnove \u201eBo\u017eje milosr\u0111e\u201c na Ov\u010dari. Zainteresirani neka se jave u \u017eupni ured do kraja o\u017eujka, a o Kri\u017enom putu mladi se mogu informirati i na dru\u0161tvenim mre\u017eama Ureda za pastoral mladih na\u0161e nadbiskupije.<\/p>\n\n\n\n<p>Zahvalni za va\u0161u pomo\u0107 kojom poma\u017eete obnovu na\u0161ih crkava i samostana nastradalih u potresima, preporu\u010damo se i nadalje va\u0161oj dobroti. Svoj nov\u010dani prilog mo\u017eete dati u posebno ozna\u010denu \u0161krabicu pri izlazu iz crkve ili u \u017eupni ured ili direktno uplatiti na ra\u010dun koji se nalazi na plakatu ili letku.<\/p>\n\n\n\n<p>Caritas na\u0161e Nadbiskupije nastavlja s projektom \u201eBla\u017eenije je davati nego primati\u201c \u010dime svojim nov\u010danim prilozima i \u017eive\u017enim namirnicama, poma\u017eemo Caritasovu Pu\u010dku kuhinju u Osijeku i Caritasov Centar za prihvat besku\u0107nika \u2013 Osijek. Svoje darove mo\u017eete donijeti u \u017eupni ured. Za potrebite u na\u0161oj \u017eupi prikupljat \u0107emo izme\u0111u \u010detvrte korizmene nedjelje i Cvjetnice.<\/p>\n\n\n\n<p>Tko \u017eeli, mo\u017ee uzeti caritasove kutijice na izlazu iz crkve te stavljati svoj dar u njih tijekom korizme i donijeti ih u crkvu na Cvjetnicu. <\/p>\n\n\n\n<p>U na\u0161oj \u017eupnoj crkvi obveza je dezinfekcija ruku na ulazu, no\u0161enje maski i potrebna udaljenost. Redari nam poma\u017eu u po\u0161tivanju tih mjera.<\/p>\n\n\n\n<p>Molimo sve vas koji jo\u0161 nemate \u017eupnu obiteljsku knji\u017eicu ili je potrebno upisati promjene u postoje\u0107e, da se javite u \u017eupni ured u uredovno vrijeme.<\/p>\n\n\n\n<p>Kupujte i \u010ditajte katoli\u010dki vjerski tisak.<\/p>\n","protected":false},"excerpt":{"rendered":"<p>Slavimo prvu korizmenu nedjelju. Prva je nedjelja u mjesecu kada se svojim molitvama i nov\u010danim prilozima sje\u0107amo sjemeni\u0161ta i molimo za duhovna zvanja. U na\u0161oj \u017eupi skupljamo nov\u010dane priloge za Ukrajince nakon svetih misa, koji \u0107e biti putem Caritasa na\u0161e nadbiskupije proslije\u0111eni \u017ertvama rata te prognanicima i izbjeglicama iz Ukrajine. Svoj nov\u010dani dar za sjemeni\u0161ta <a href=\"https:\/\/svetaobitelj.hr\/?p=2165\" class=\"more-link\">[&hellip;]<\/a><\/p>\n","protected":false},"author":2,"featured_media":0,"comment_status":"closed","ping_status":"open","sticky":false,"template":"","format":"standard","meta":{"footnotes":""},"categories":[3],"tags":[],"class_list":["entry","author-","post-2165","post","type-post","status-publish","format-standard","category-zupa"],"_links":{"self":[{"href":"https:\/\/svetaobitelj.hr\/index.php?rest_route=\/wp\/v2\/posts\/2165","targetHints":{"allow":["GET"]}}],"collection":[{"href":"https:\/\/svetaobitelj.hr\/index.php?rest_route=\/wp\/v2\/posts"}],"about":[{"href":"https:\/\/svetaobitelj.hr\/index.php?rest_route=\/wp\/v2\/types\/post"}],"author":[{"embeddable":true,"href":"https:\/\/svetaobitelj.hr\/index.php?rest_route=\/wp\/v2\/users\/2"}],"replies":[{"embeddable":true,"href":"https:\/\/svetaobitelj.hr\/index.php?rest_route=%2Fwp%2Fv2%2Fcomments&post=2165"}],"version-history":[{"count":7,"href":"https:\/\/svetaobitelj.hr\/index.php?rest_route=\/wp\/v2\/posts\/2165\/revisions"}],"predecessor-version":[{"id":2175,"href":"https:\/\/svetaobitelj.hr\/index.php?rest_route=\/wp\/v2\/posts\/2165\/revisions\/2175"}],"wp:attachment":[{"href":"https:\/\/svetaobitelj.hr\/index.php?rest_route=%2Fwp%2Fv2%2Fmedia&parent=2165"}],"wp:term":[{"taxonomy":"category","embeddable":true,"href":"https:\/\/svetaobitelj.hr\/index.php?rest_route=%2Fwp%2Fv2%2Fcategories&post=2165"},{"taxonomy":"post_tag","embeddable":true,"href":"https:\/\/svetaobitelj.hr\/index.php?rest_route=%2Fwp%2Fv2%2Ftags&post=2165"}],"curies":[{"name":"wp","href":"https:\/\/api.w.org\/{rel}","templated":true}]}}