{"id":2161,"date":"2022-03-04T14:16:10","date_gmt":"2022-03-04T13:16:10","guid":{"rendered":"http:\/\/svetaobitelj.hr\/?p=2161"},"modified":"2022-04-02T22:13:17","modified_gmt":"2022-04-02T21:13:17","slug":"ruze-za-gospu-i-sv-franju","status":"publish","type":"post","link":"https:\/\/svetaobitelj.hr\/?p=2161","title":{"rendered":"Ru\u017ee za Gospu i sv.Franju"},"content":{"rendered":"\n<figure class=\"wp-block-image size-large\"><img loading=\"lazy\" decoding=\"async\" width=\"1024\" height=\"768\" src=\"http:\/\/svetaobitelj.hr\/wp-content\/uploads\/2022\/03\/slika2-1024x768.jpg\" alt=\"\" class=\"wp-image-2162\" srcset=\"https:\/\/svetaobitelj.hr\/wp-content\/uploads\/2022\/03\/slika2-1024x768.jpg 1024w, https:\/\/svetaobitelj.hr\/wp-content\/uploads\/2022\/03\/slika2-300x225.jpg 300w, https:\/\/svetaobitelj.hr\/wp-content\/uploads\/2022\/03\/slika2-768x576.jpg 768w, https:\/\/svetaobitelj.hr\/wp-content\/uploads\/2022\/03\/slika2-1536x1152.jpg 1536w, https:\/\/svetaobitelj.hr\/wp-content\/uploads\/2022\/03\/slika2-2048x1536.jpg 2048w\" sizes=\"auto, (max-width: 1024px) 100vw, 1024px\" \/><\/figure>\n\n\n\n<p>Pri\u010da se po \u017eupi da \u0107e uskoro &#8220;kraj&#8221; na\u0161im redarima&#8230; I mi se sla\u017eemo \u0161to se ti\u010de pandemije, daj Bo\u017ee \u0161to prije. Ali, da bismo stali na kraj zlim jezicima potrebno je fotografijom i tekstom zabilje\u017eiti \u0161to sve na\u0161i redari rade, zapravo slu\u017ee vjernicima koji dolaze u na\u0161u crkvu, osim \u0161to stoje na ulazu u crkvu svaki dan, na svakoj misi ve\u0107 skoro dvije godine. Niti malo lak posao nije ure\u0111ivati okoli\u0161 na\u0161e crkve koji je jako velik, a posebice jo\u0161 kada imamo izvanrednih akcija kao primjerice ju\u010dera\u0161nja kada smo posadili 50 sadnica ru\u017ea&#8230; Drago nam je da su se pojedini \u017eupljani odazvali i svojim darom sudjelovali u kupnji tih ru\u017ea i \u0161tapova. Oni koji nisu, mo\u0107i \u0107e u\u017eivati u pogledu rascvjetanih ru\u017ea &#8211; besplatno! Sigurni smo da nas je molitvom i zagovorom pratio sv. Franjo i da \u0107e ru\u017ee koje su ispred njegovog kipa biti prekrasne. Bogu hvala na spremnosti na\u0161ih redara i simpatizera koji su jo\u0161 jednom posvjedo\u010dili svoju ljubav prema \u017eupnoj zajednici.<\/p>\n\n\n\n<figure class=\"wp-block-image size-large\"><img loading=\"lazy\" decoding=\"async\" width=\"1024\" height=\"768\" src=\"http:\/\/svetaobitelj.hr\/wp-content\/uploads\/2022\/03\/slika3-1024x768.jpg\" alt=\"\" class=\"wp-image-2163\" srcset=\"https:\/\/svetaobitelj.hr\/wp-content\/uploads\/2022\/03\/slika3-1024x768.jpg 1024w, https:\/\/svetaobitelj.hr\/wp-content\/uploads\/2022\/03\/slika3-300x225.jpg 300w, https:\/\/svetaobitelj.hr\/wp-content\/uploads\/2022\/03\/slika3-768x576.jpg 768w, https:\/\/svetaobitelj.hr\/wp-content\/uploads\/2022\/03\/slika3-1536x1152.jpg 1536w, https:\/\/svetaobitelj.hr\/wp-content\/uploads\/2022\/03\/slika3-2048x1536.jpg 2048w\" sizes=\"auto, (max-width: 1024px) 100vw, 1024px\" \/><\/figure>\n","protected":false},"excerpt":{"rendered":"<p>Pri\u010da se po \u017eupi da \u0107e uskoro &#8220;kraj&#8221; na\u0161im redarima&#8230; I mi se sla\u017eemo \u0161to se ti\u010de pandemije, daj Bo\u017ee \u0161to prije. Ali, da bismo stali na kraj zlim jezicima potrebno je fotografijom i tekstom zabilje\u017eiti \u0161to sve na\u0161i redari rade, zapravo slu\u017ee vjernicima koji dolaze u na\u0161u crkvu, osim \u0161to stoje na ulazu u <a href=\"https:\/\/svetaobitelj.hr\/?p=2161\" class=\"more-link\">[&hellip;]<\/a><\/p>\n","protected":false},"author":2,"featured_media":0,"comment_status":"closed","ping_status":"open","sticky":false,"template":"","format":"standard","meta":{"footnotes":""},"categories":[3],"tags":[],"class_list":["entry","author-","post-2161","post","type-post","status-publish","format-standard","category-zupa"],"_links":{"self":[{"href":"https:\/\/svetaobitelj.hr\/index.php?rest_route=\/wp\/v2\/posts\/2161","targetHints":{"allow":["GET"]}}],"collection":[{"href":"https:\/\/svetaobitelj.hr\/index.php?rest_route=\/wp\/v2\/posts"}],"about":[{"href":"https:\/\/svetaobitelj.hr\/index.php?rest_route=\/wp\/v2\/types\/post"}],"author":[{"embeddable":true,"href":"https:\/\/svetaobitelj.hr\/index.php?rest_route=\/wp\/v2\/users\/2"}],"replies":[{"embeddable":true,"href":"https:\/\/svetaobitelj.hr\/index.php?rest_route=%2Fwp%2Fv2%2Fcomments&post=2161"}],"version-history":[{"count":3,"href":"https:\/\/svetaobitelj.hr\/index.php?rest_route=\/wp\/v2\/posts\/2161\/revisions"}],"predecessor-version":[{"id":2240,"href":"https:\/\/svetaobitelj.hr\/index.php?rest_route=\/wp\/v2\/posts\/2161\/revisions\/2240"}],"wp:attachment":[{"href":"https:\/\/svetaobitelj.hr\/index.php?rest_route=%2Fwp%2Fv2%2Fmedia&parent=2161"}],"wp:term":[{"taxonomy":"category","embeddable":true,"href":"https:\/\/svetaobitelj.hr\/index.php?rest_route=%2Fwp%2Fv2%2Fcategories&post=2161"},{"taxonomy":"post_tag","embeddable":true,"href":"https:\/\/svetaobitelj.hr\/index.php?rest_route=%2Fwp%2Fv2%2Ftags&post=2161"}],"curies":[{"name":"wp","href":"https:\/\/api.w.org\/{rel}","templated":true}]}}