{"id":2158,"date":"2022-03-04T14:01:27","date_gmt":"2022-03-04T13:01:27","guid":{"rendered":"http:\/\/svetaobitelj.hr\/?p=2158"},"modified":"2022-03-04T14:01:27","modified_gmt":"2022-03-04T13:01:27","slug":"odazvali-smo-se","status":"publish","type":"post","link":"https:\/\/svetaobitelj.hr\/?p=2158","title":{"rendered":"Odazvali smo se&#8230;"},"content":{"rendered":"\n<figure class=\"wp-block-image size-large\"><img loading=\"lazy\" decoding=\"async\" width=\"1024\" height=\"485\" src=\"http:\/\/svetaobitelj.hr\/wp-content\/uploads\/2022\/03\/slika1-1024x485.jpg\" alt=\"\" class=\"wp-image-2159\" srcset=\"https:\/\/svetaobitelj.hr\/wp-content\/uploads\/2022\/03\/slika1-1024x485.jpg 1024w, https:\/\/svetaobitelj.hr\/wp-content\/uploads\/2022\/03\/slika1-300x142.jpg 300w, https:\/\/svetaobitelj.hr\/wp-content\/uploads\/2022\/03\/slika1-768x363.jpg 768w, https:\/\/svetaobitelj.hr\/wp-content\/uploads\/2022\/03\/slika1-1536x727.jpg 1536w, https:\/\/svetaobitelj.hr\/wp-content\/uploads\/2022\/03\/slika1-2048x969.jpg 2048w\" sizes=\"auto, (max-width: 1024px) 100vw, 1024px\" \/><\/figure>\n\n\n\n<p>U na\u0161oj \u017eupi odazvali smo se pozivu na\u0161ega nadbiskupa mons. \u0110ure Hrani\u0107a koji je u svojoj okru\u017enici pozvao na molitvu, solidarnost i materijalno darivanje kako bi se pomoglo ukrajinskom narodu. Simboli\u010dno smo ispred oltara stavili fotografije ukrajinskih prognanika kako bi si posvijestili \u0161to se doga\u0111a na\u0161em prijateljskom narodu. Sje\u0107amo se i vlastitog stradanja na\u0161eg naroda, te hrabre obrane branitelja \u010dega smo svjedoci i kod Ukrajinaca. Molimo Gospodina da \u0161to prije zavr\u0161i ova agresija na Ukrajinu kako oni nastavili \u017eivjeti neovisno, u slobodu i miru. Pozvani smo moliti, biti spremni udomiti prognanike i izbjeglice te nov\u010dano pomo\u0107i. Sjetimo se koliko je sva ta pomo\u0107 nama zna\u010dila u Domovinskom obrambenom ratu. Ne smijemo i ne\u0107emo to nikada zaboraviti. <\/p>\n\n\n\n<p>Zajedno s na\u0161im nadbiskupom i mi kli\u010demo: SLAVA UKRAJINI!<\/p>\n","protected":false},"excerpt":{"rendered":"<p>U na\u0161oj \u017eupi odazvali smo se pozivu na\u0161ega nadbiskupa mons. \u0110ure Hrani\u0107a koji je u svojoj okru\u017enici pozvao na molitvu, solidarnost i materijalno darivanje kako bi se pomoglo ukrajinskom narodu. Simboli\u010dno smo ispred oltara stavili fotografije ukrajinskih prognanika kako bi si posvijestili \u0161to se doga\u0111a na\u0161em prijateljskom narodu. Sje\u0107amo se i vlastitog stradanja na\u0161eg naroda, <a href=\"https:\/\/svetaobitelj.hr\/?p=2158\" class=\"more-link\">[&hellip;]<\/a><\/p>\n","protected":false},"author":2,"featured_media":0,"comment_status":"closed","ping_status":"open","sticky":false,"template":"","format":"standard","meta":{"footnotes":""},"categories":[3],"tags":[],"class_list":["entry","author-","post-2158","post","type-post","status-publish","format-standard","category-zupa"],"_links":{"self":[{"href":"https:\/\/svetaobitelj.hr\/index.php?rest_route=\/wp\/v2\/posts\/2158","targetHints":{"allow":["GET"]}}],"collection":[{"href":"https:\/\/svetaobitelj.hr\/index.php?rest_route=\/wp\/v2\/posts"}],"about":[{"href":"https:\/\/svetaobitelj.hr\/index.php?rest_route=\/wp\/v2\/types\/post"}],"author":[{"embeddable":true,"href":"https:\/\/svetaobitelj.hr\/index.php?rest_route=\/wp\/v2\/users\/2"}],"replies":[{"embeddable":true,"href":"https:\/\/svetaobitelj.hr\/index.php?rest_route=%2Fwp%2Fv2%2Fcomments&post=2158"}],"version-history":[{"count":1,"href":"https:\/\/svetaobitelj.hr\/index.php?rest_route=\/wp\/v2\/posts\/2158\/revisions"}],"predecessor-version":[{"id":2160,"href":"https:\/\/svetaobitelj.hr\/index.php?rest_route=\/wp\/v2\/posts\/2158\/revisions\/2160"}],"wp:attachment":[{"href":"https:\/\/svetaobitelj.hr\/index.php?rest_route=%2Fwp%2Fv2%2Fmedia&parent=2158"}],"wp:term":[{"taxonomy":"category","embeddable":true,"href":"https:\/\/svetaobitelj.hr\/index.php?rest_route=%2Fwp%2Fv2%2Fcategories&post=2158"},{"taxonomy":"post_tag","embeddable":true,"href":"https:\/\/svetaobitelj.hr\/index.php?rest_route=%2Fwp%2Fv2%2Ftags&post=2158"}],"curies":[{"name":"wp","href":"https:\/\/api.w.org\/{rel}","templated":true}]}}