{"id":2155,"date":"2022-03-01T09:08:55","date_gmt":"2022-03-01T08:08:55","guid":{"rendered":"https:\/\/svetaobitelj.hr\/?p=2155"},"modified":"2022-03-01T09:08:55","modified_gmt":"2022-03-01T08:08:55","slug":"pepelnica-ili-cista-srijeda","status":"publish","type":"post","link":"https:\/\/svetaobitelj.hr\/?p=2155","title":{"rendered":"PEPELNICA ILI \u010cISTA SRIJEDA"},"content":{"rendered":"\n<p><strong><u>VA\u017dNA OBAVIJEST!!!<\/u><\/strong><\/p>\n\n\n\n<p><strong><em>\u201eNa\u0161 je hrvatski narod prije 30 godina morao pro\u0107i iskustvo agresije i obrambenoga rata te zato dobro razumijemo patnje i te\u0161ko\u0107e kroz koje sada prolazi ukrajinski narod izlo\u017een agresiji i pravednom obrambenom ratu. Zajedno sa svim Ukrajincima osje\u0107ano veliku bol, tjeskobu i zabrinutost te im i mi u ovim te\u0161kim danima, kao \u0110akova\u010dko-osje\u010dka nadbiskupija, o\u010ditujemo svoju blizinu, molitvenu podr\u0161ku, solidarnost i spremnost na pomo\u0107.<\/em><\/strong><\/p>\n\n\n\n<p><strong><em>Na\u0161a Nadbiskupija svesrdno prihva\u0107a poziv pape Franje koji je \u010ditavu Crkvu pozvao da ovogodi\u0161nja Pepelnica, 2. o\u017eujka 2022. bude Dan posta, molitve i solidarnosti s Ukrajinom i ukrajinskim narodom\u2026\u201c<\/em><\/strong><\/p>\n\n\n\n<p><strong><em>(iz Okru\u017enice nadbiskupa \u0110ure Hrani\u0107a za Nadbiskupijski dan posta, molitve i solidarnosti s ukrajinskim narodom, br. 227\/2022, \u0110akovo, 27. velja\u010de 2022.)<\/em><\/strong><\/p>\n\n\n\n<p><strong>Pozvani smo da se postom na \u010cistu srijedu solidariziramo sa svim \u017ertvama agresije na Ukrajinu<\/strong><\/p>\n\n\n\n<p><strong>U na\u0161oj \u017eupnoj zajednici skupljat \u0107emo nov\u010dane priloge od \u010ciste srijede do Prve korizmene nedjelje, koji \u0107e biti putem Caritasa na\u0161e nadbiskupije proslije\u0111eni \u017ertvama rata te prognanicima i izbjeglicama iz Ukrajine.<\/strong><\/p>\n\n\n\n<p><strong>Pozvani smo da otvorimo vrata na\u0161ih domova te prihvatimo prognanike i izbjeglice iz Ukrajine. Svoje smje\u0161tajne mogu\u0107nosti potrebno je prijaviti karitativnoj skupini na\u0161e \u017dupe te da u suradnji s Caritasom \u0110akova\u010dko-osje\u010dke nadbiskupije i mjerodavnim gra\u0111anskim slu\u017ebama na regionalnoj i lokalnoj razini, osiguramo smje\u0161taj, prehranu te socijalnu i zdravstvenu skrb onima koji to zatra\u017ee i kojima \u0107e takva pomo\u0107 biti potrebna.<\/strong><\/p>\n\n\n\n<p><strong>Svojim osobnim i zajedni\u010dkim molitvama molimo za prestanak nasilja i rata na podru\u010dju Ukrajine.<\/strong><\/p>\n","protected":false},"excerpt":{"rendered":"<p>VA\u017dNA OBAVIJEST!!! \u201eNa\u0161 je hrvatski narod prije 30 godina morao pro\u0107i iskustvo agresije i obrambenoga rata te zato dobro razumijemo patnje i te\u0161ko\u0107e kroz koje sada prolazi ukrajinski narod izlo\u017een agresiji i pravednom obrambenom ratu. Zajedno sa svim Ukrajincima osje\u0107ano veliku bol, tjeskobu i zabrinutost te im i mi u ovim te\u0161kim danima, kao \u0110akova\u010dko-osje\u010dka <a href=\"https:\/\/svetaobitelj.hr\/?p=2155\" class=\"more-link\">[&hellip;]<\/a><\/p>\n","protected":false},"author":2,"featured_media":0,"comment_status":"closed","ping_status":"open","sticky":false,"template":"","format":"standard","meta":{"footnotes":""},"categories":[3],"tags":[],"class_list":["entry","author-","post-2155","post","type-post","status-publish","format-standard","category-zupa"],"_links":{"self":[{"href":"https:\/\/svetaobitelj.hr\/index.php?rest_route=\/wp\/v2\/posts\/2155","targetHints":{"allow":["GET"]}}],"collection":[{"href":"https:\/\/svetaobitelj.hr\/index.php?rest_route=\/wp\/v2\/posts"}],"about":[{"href":"https:\/\/svetaobitelj.hr\/index.php?rest_route=\/wp\/v2\/types\/post"}],"author":[{"embeddable":true,"href":"https:\/\/svetaobitelj.hr\/index.php?rest_route=\/wp\/v2\/users\/2"}],"replies":[{"embeddable":true,"href":"https:\/\/svetaobitelj.hr\/index.php?rest_route=%2Fwp%2Fv2%2Fcomments&post=2155"}],"version-history":[{"count":1,"href":"https:\/\/svetaobitelj.hr\/index.php?rest_route=\/wp\/v2\/posts\/2155\/revisions"}],"predecessor-version":[{"id":2156,"href":"https:\/\/svetaobitelj.hr\/index.php?rest_route=\/wp\/v2\/posts\/2155\/revisions\/2156"}],"wp:attachment":[{"href":"https:\/\/svetaobitelj.hr\/index.php?rest_route=%2Fwp%2Fv2%2Fmedia&parent=2155"}],"wp:term":[{"taxonomy":"category","embeddable":true,"href":"https:\/\/svetaobitelj.hr\/index.php?rest_route=%2Fwp%2Fv2%2Fcategories&post=2155"},{"taxonomy":"post_tag","embeddable":true,"href":"https:\/\/svetaobitelj.hr\/index.php?rest_route=%2Fwp%2Fv2%2Ftags&post=2155"}],"curies":[{"name":"wp","href":"https:\/\/api.w.org\/{rel}","templated":true}]}}