{"id":2150,"date":"2022-02-26T10:51:56","date_gmt":"2022-02-26T09:51:56","guid":{"rendered":"https:\/\/svetaobitelj.hr\/?p=2150"},"modified":"2022-02-26T10:55:32","modified_gmt":"2022-02-26T09:55:32","slug":"zupne-obavijesti-8-nedjelja-kroz-godinu-2","status":"publish","type":"post","link":"https:\/\/svetaobitelj.hr\/?p=2150","title":{"rendered":"\u017dupne obavijesti: 8. nedjelja kroz godinu"},"content":{"rendered":"\n<p><strong>Slavimo osmu nedjelju kroz godinu.<\/strong><\/p>\n\n\n\n<p><strong>Sutra ne\u0107e biti biblijskog sata nakon ve\u010dernje svete mise.<\/strong><\/p>\n\n\n\n<p><strong>U srijedu slavimo \u010cistu srijedu ili Pepelnicu. Po\u010detak je korizmenog vremena u liturgijskoj ili crkvenoj godini, obvezatan je post i nemrs. Svete mise su u 7:30 i 18:30 sati. Susret molitvene zajednice je nakon ve\u010dernje svete mise. Papa Franjo nas poziva na molitvu i post za prestanak rata u Ukrajini kao i na konkretnu duhovnu i materijalnu pomo\u0107 ukrajinskom narodu.<\/strong><\/p>\n\n\n\n<p><strong>U korizmeno vrijeme pobo\u017enost kri\u017enoga puta je srijedom i petkom u 18:00 sati. Ne\u0107e biti klanjanja pred Presvetim. Korizma je vrijeme posta, molitve i dobrih djela. Prikupljanje prehrambenih proizvoda i higijenskih potrep\u0161tina za potrebite na\u0161e \u017dupe bit \u0107e u razdoblju izme\u0111u \u010detvrte korizmene nedjelje i Cvjetnice.<\/strong><\/p>\n\n\n\n<p><strong>U petak je nakon ve\u010dernje svete mise roditeljski sastanak za roditelje ovogodi\u0161njih prvopri\u010desnika i krizmanika.<\/strong><\/p>\n\n\n\n<p><strong>Sljede\u0107e nedjelje slavimo prvu korizmenu nedjelju. &nbsp;<\/strong><\/p>\n\n\n\n<p><strong>Zahvalni za va\u0161u pomo\u0107 kojom poma\u017eete obnovu na\u0161ih crkava i samostana nastradalih u potresima, preporu\u010damo se i nadalje va\u0161oj dobroti. Svoj nov\u010dani prilog mo\u017eete dati u posebno ozna\u010denu \u0161krabicu pri izlazu iz crkve ili u \u017eupni ured ili direktno uplatiti na ra\u010dun koji se nalazi na plakatu ili letku.<\/strong><\/p>\n\n\n\n<p><strong>U na\u0161oj \u017eupnoj crkvi obveza je dezinfekcija ruku na ulazu, no\u0161enje maski i potrebna udaljenost. Redari nam poma\u017eu u po\u0161tivanju tih mjera.<\/strong><\/p>\n\n\n\n<p><strong>Molimo sve vas koji jo\u0161 nemate \u017eupnu obiteljsku knji\u017eicu ili je potrebno upisati promjene u postoje\u0107e, da se javite u \u017eupni ured u uredovno vrijeme.<\/strong><\/p>\n\n\n\n<p><strong>Kupujte i \u010ditajte katoli\u010dki vjerski tisak.<\/strong><\/p>\n\n\n\n<p><strong>Odlukom na\u0161ega nadbiskupa, mons. \u0110ure Hrani\u0107a, u \u010ditavoj na\u0161oj nadbiskupiji bit \u0107e izbori novih \u010dlanova \u017eupnih pastoralnih i ekonomskih vije\u0107a u nedjelju, 13. o\u017eujka ove godine. Pozvani smo da se kao vjernici i \u017eupljani duhovno i molitveno pripremimo za izbore. Ovo su kandidati za \u017eupna vije\u0107a \u010diji popis imate i na oglasnoj plo\u010di.<\/strong><\/p>\n\n\n\n<p class=\"has-text-align-center\"><strong><u><em>KANDIDATI ZA \u017dUPNO PASTORALNO VIJE\u0106E:<\/em><\/u><\/strong><\/p>\n\n\n\n<ol class=\"wp-block-list\" type=\"1\"><li><strong>GABRIJELA ANI\u0106, r. 1982., Divaltova 214a, prof. fizike<\/strong><\/li><li><strong>SILVANA CRNKOVI\u0106, r. 1971., Trpanjska 7, upravni referent<\/strong><\/li><li><strong>STIPE CRNKOVI\u0106, r. 1969., Trpanjska 7, umirovljeni branitelj<\/strong><\/li><li><strong>ANA ERKAPI\u0106, r. 1994., Plitvi\u010dka 1, mag. sestrinstva<\/strong><\/li><li><strong>MIRTA JAKOVAC, r. 1970., Trogirska 21, dipl. ekonomist<\/strong><\/li><li><strong>DANIJEL JANC, r. 1976., Rapska 50, monter centralnog grijanja<\/strong><\/li><li><strong>NIKOLINA JANC, r. 1980., Rapska 65, mag. engl. i njem. jezika<\/strong><\/li><li><strong>KATARINA KURTOVI\u0106, r. 1978., Bra\u010dka 146, medicinska sestra<\/strong><\/li><li><strong>ADRIJANA LEKO, r. 1976., Creska 4, dipl. u\u010diteljica<\/strong><\/li><li><strong>JOSIP MALE\u0160, r. 1960., Bra\u010dka 138b, lije\u010dnik<\/strong><\/li><li><strong>MIROSLAV MLINAREVI\u0106, r. 1978., Kvarnerska 1, strojarski ing.<\/strong><\/li><li><strong>FRANJO PRATLJA\u010cI\u0106, r. 1968., Bi\u0161evska 29, umirovljeni policajac<\/strong><\/li><li><strong>BRANKA SKORUP, r. 1989., Lovranska 8, upravni referent<\/strong><\/li><li><strong>TATJANA \u0160ARGA\u010c, r. 1980., Bra\u010dka 16a, administrator<\/strong><\/li><li><strong>SANDRA \u0160IMOVI\u0106, r. 1982., Stonska 10, prodava\u010dica<\/strong><\/li><li><strong>KSENIJA TOMAS, r. 1969., Bakarska 11, dentalni asistent<\/strong><\/li><\/ol>\n\n\n\n<p class=\"has-text-align-center\"><em><u>NA IZBORNIM LISTI\u0106IMA BIT \u0106E POTREBNO ZAOKRU\u017dITI<\/u><\/em><\/p>\n\n\n\n<p class=\"has-text-align-center\"><em><u>OSAM (8) KANDIDATA ZA \u017dUPNO PASTORALNO VIJE\u0106E<\/u><\/em><\/p>\n\n\n\n<p><\/p>\n\n\n\n<p class=\"has-text-align-center\"><strong><u><em>KANDIDATI ZA \u017dUPNO EKONOMSKO VIJE\u0106E:<\/em><\/u><\/strong><\/p>\n\n\n\n<ol class=\"wp-block-list\" type=\"1\"><li><strong>STIPE CRNKOVI\u0106, r. 1969., Trpanjska 7, umirovljeni branitelj<\/strong><\/li><li><strong>ROBERT GERGUREC, r. 1973., Lo\u0161injska 1, umirovljeni policajac<\/strong><\/li><li><strong>KRUNOSLAV JANC, r. 1979., Rapska 65, grafi\u010dar<\/strong><\/li><li><strong>ANDRIJANA JOZANOVI\u0106, r. 1977., Rapska 31, <\/strong><strong>farmaceutski tehni\u010dar<\/strong><\/li><li><strong>\u017dELJKA KNE\u017dEVI\u0106, r. 1982., Pa\u0161ka 25, prvostupnica ekonomije<\/strong><\/li><li><strong>JASNA KRE\u0160O, r. 1972., Murterska 58, trgovkinja<\/strong><\/li><li><strong>IVAN RO\u010cEK, r. 1981., Ju\u017eno predgra\u0111e 19, soboslikar<\/strong><\/li><li><strong>MILAN VRDOLJAK, r. 1967., \u0160ibenska 28, trgovac<\/strong><\/li><\/ol>\n\n\n\n<p class=\"has-text-align-center\"><em><u>NA IZBORNIM LISTI\u0106IMA BIT \u0106E POTREBNO ZAOKRU\u017dITI<\/u><\/em><\/p>\n\n\n\n<p class=\"has-text-align-center\"><em><u>\u010cETIRI (4) KANDIDATA ZA \u017dUPNO EKONOMSKO VIJE\u0106E<\/u><\/em><\/p>\n","protected":false},"excerpt":{"rendered":"<p>Slavimo osmu nedjelju kroz godinu. Sutra ne\u0107e biti biblijskog sata nakon ve\u010dernje svete mise. U srijedu slavimo \u010cistu srijedu ili Pepelnicu. Po\u010detak je korizmenog vremena u liturgijskoj ili crkvenoj godini, obvezatan je post i nemrs. Svete mise su u 7:30 i 18:30 sati. Susret molitvene zajednice je nakon ve\u010dernje svete mise. Papa Franjo nas poziva <a href=\"https:\/\/svetaobitelj.hr\/?p=2150\" class=\"more-link\">[&hellip;]<\/a><\/p>\n","protected":false},"author":2,"featured_media":0,"comment_status":"closed","ping_status":"open","sticky":false,"template":"","format":"standard","meta":{"footnotes":""},"categories":[3],"tags":[],"class_list":["entry","author-","post-2150","post","type-post","status-publish","format-standard","category-zupa"],"_links":{"self":[{"href":"https:\/\/svetaobitelj.hr\/index.php?rest_route=\/wp\/v2\/posts\/2150","targetHints":{"allow":["GET"]}}],"collection":[{"href":"https:\/\/svetaobitelj.hr\/index.php?rest_route=\/wp\/v2\/posts"}],"about":[{"href":"https:\/\/svetaobitelj.hr\/index.php?rest_route=\/wp\/v2\/types\/post"}],"author":[{"embeddable":true,"href":"https:\/\/svetaobitelj.hr\/index.php?rest_route=\/wp\/v2\/users\/2"}],"replies":[{"embeddable":true,"href":"https:\/\/svetaobitelj.hr\/index.php?rest_route=%2Fwp%2Fv2%2Fcomments&post=2150"}],"version-history":[{"count":2,"href":"https:\/\/svetaobitelj.hr\/index.php?rest_route=\/wp\/v2\/posts\/2150\/revisions"}],"predecessor-version":[{"id":2154,"href":"https:\/\/svetaobitelj.hr\/index.php?rest_route=\/wp\/v2\/posts\/2150\/revisions\/2154"}],"wp:attachment":[{"href":"https:\/\/svetaobitelj.hr\/index.php?rest_route=%2Fwp%2Fv2%2Fmedia&parent=2150"}],"wp:term":[{"taxonomy":"category","embeddable":true,"href":"https:\/\/svetaobitelj.hr\/index.php?rest_route=%2Fwp%2Fv2%2Fcategories&post=2150"},{"taxonomy":"post_tag","embeddable":true,"href":"https:\/\/svetaobitelj.hr\/index.php?rest_route=%2Fwp%2Fv2%2Ftags&post=2150"}],"curies":[{"name":"wp","href":"https:\/\/api.w.org\/{rel}","templated":true}]}}