{"id":2146,"date":"2022-02-25T11:05:23","date_gmt":"2022-02-25T10:05:23","guid":{"rendered":"http:\/\/svetaobitelj.hr\/?p=2146"},"modified":"2022-02-25T11:05:24","modified_gmt":"2022-02-25T10:05:24","slug":"nasi-ministranti-na-kampu-u-jastrebarskom","status":"publish","type":"post","link":"https:\/\/svetaobitelj.hr\/?p=2146","title":{"rendered":"NA\u0160I MINISTRANTI NA KAMPU U JASTREBARSKOM"},"content":{"rendered":"\n<figure class=\"wp-block-image size-large\"><img loading=\"lazy\" decoding=\"async\" width=\"1024\" height=\"768\" src=\"http:\/\/svetaobitelj.hr\/wp-content\/uploads\/2022\/02\/slika1-3-1024x768.jpg\" alt=\"\" class=\"wp-image-2147\" srcset=\"https:\/\/svetaobitelj.hr\/wp-content\/uploads\/2022\/02\/slika1-3-1024x768.jpg 1024w, https:\/\/svetaobitelj.hr\/wp-content\/uploads\/2022\/02\/slika1-3-300x225.jpg 300w, https:\/\/svetaobitelj.hr\/wp-content\/uploads\/2022\/02\/slika1-3-768x576.jpg 768w, https:\/\/svetaobitelj.hr\/wp-content\/uploads\/2022\/02\/slika1-3-1536x1152.jpg 1536w, https:\/\/svetaobitelj.hr\/wp-content\/uploads\/2022\/02\/slika1-3-2048x1536.jpg 2048w\" sizes=\"auto, (max-width: 1024px) 100vw, 1024px\" \/><\/figure>\n\n\n\n<p>Od ponedjeljka do \u010detvrtka (21-24.02.2022) na\u0161i ministranti Mirko, Marko, Mihael, Fran i Luka boravili su u franjeva\u010dkom samostanu u Jastrebarskom gdje su s ostalim ministrantima iz Provincije pobli\u017ee upoznali \u017eivot u samostanu. Kroz ta \u010detiri dana osim svakodnevnih svetih misa,  molitve krunice i kri\u017enog puta, imali su \u0161portske igre, razne dru\u0161tvene igre i ske\u010deve te su kroz molitvu i dru\u017eenje pobli\u017ee upoznali ostale ministrante kao i fratre koji su brinuli o njima. Voditelj kampa bio je fra Tomislav Faletar koji je jo\u0161 uvijek u vrlo lijepom sje\u0107anju brojnih \u017eupljana, a i on sam jo\u0161 uvijek pamti vrijeme provedeno u na\u0161oj \u017eupi. Osim njega bili su jo\u0161 fra Ivan Ivankovi\u0107, fra Vinko Brkovi\u0107, fra Antonio Kirin, fra Ivica Janji\u0107, i fra Ivica Beri\u0161i\u0107. Dojmovi su i vi\u0161e nego pozitivni, ka\u017eu da su se super osje\u0107ali u dru\u0161tvu fratara i svojih vr\u0161njaka te da \u0107e se ponovno odazvati kada bude slijede\u0107i kamp. Pohvalili su i dobru hranu, a &#8220;najdra\u017ee&#8221; im je bilo \u0161to su mobitele smjeli koristiti pola sata dnevno. Bogu zahvalni za na\u0161e ministrante i dalje molimo za njihovu ustrajnost te za nova duhovna zvanja. Ps: moramo pohvaliti da su i na kampu bili jako dobri i doli\u010dnog pona\u0161anja te su na primjeren na\u010din bili predstavnici na\u0161e \u017eupe. Bravo de\u010dki!<\/p>\n\n\n\n<figure class=\"wp-block-image size-large\"><img loading=\"lazy\" decoding=\"async\" width=\"1024\" height=\"768\" src=\"http:\/\/svetaobitelj.hr\/wp-content\/uploads\/2022\/02\/slika2-3-1024x768.jpg\" alt=\"\" class=\"wp-image-2148\" srcset=\"https:\/\/svetaobitelj.hr\/wp-content\/uploads\/2022\/02\/slika2-3-1024x768.jpg 1024w, https:\/\/svetaobitelj.hr\/wp-content\/uploads\/2022\/02\/slika2-3-300x225.jpg 300w, https:\/\/svetaobitelj.hr\/wp-content\/uploads\/2022\/02\/slika2-3-768x576.jpg 768w, https:\/\/svetaobitelj.hr\/wp-content\/uploads\/2022\/02\/slika2-3-1536x1152.jpg 1536w, https:\/\/svetaobitelj.hr\/wp-content\/uploads\/2022\/02\/slika2-3-2048x1536.jpg 2048w\" sizes=\"auto, (max-width: 1024px) 100vw, 1024px\" \/><\/figure>\n","protected":false},"excerpt":{"rendered":"<p>Od ponedjeljka do \u010detvrtka (21-24.02.2022) na\u0161i ministranti Mirko, Marko, Mihael, Fran i Luka boravili su u franjeva\u010dkom samostanu u Jastrebarskom gdje su s ostalim ministrantima iz Provincije pobli\u017ee upoznali \u017eivot u samostanu. Kroz ta \u010detiri dana osim svakodnevnih svetih misa, molitve krunice i kri\u017enog puta, imali su \u0161portske igre, razne dru\u0161tvene igre i ske\u010deve te <a href=\"https:\/\/svetaobitelj.hr\/?p=2146\" class=\"more-link\">[&hellip;]<\/a><\/p>\n","protected":false},"author":2,"featured_media":0,"comment_status":"closed","ping_status":"open","sticky":false,"template":"","format":"standard","meta":{"footnotes":""},"categories":[3],"tags":[],"class_list":["entry","author-","post-2146","post","type-post","status-publish","format-standard","category-zupa"],"_links":{"self":[{"href":"https:\/\/svetaobitelj.hr\/index.php?rest_route=\/wp\/v2\/posts\/2146","targetHints":{"allow":["GET"]}}],"collection":[{"href":"https:\/\/svetaobitelj.hr\/index.php?rest_route=\/wp\/v2\/posts"}],"about":[{"href":"https:\/\/svetaobitelj.hr\/index.php?rest_route=\/wp\/v2\/types\/post"}],"author":[{"embeddable":true,"href":"https:\/\/svetaobitelj.hr\/index.php?rest_route=\/wp\/v2\/users\/2"}],"replies":[{"embeddable":true,"href":"https:\/\/svetaobitelj.hr\/index.php?rest_route=%2Fwp%2Fv2%2Fcomments&post=2146"}],"version-history":[{"count":1,"href":"https:\/\/svetaobitelj.hr\/index.php?rest_route=\/wp\/v2\/posts\/2146\/revisions"}],"predecessor-version":[{"id":2149,"href":"https:\/\/svetaobitelj.hr\/index.php?rest_route=\/wp\/v2\/posts\/2146\/revisions\/2149"}],"wp:attachment":[{"href":"https:\/\/svetaobitelj.hr\/index.php?rest_route=%2Fwp%2Fv2%2Fmedia&parent=2146"}],"wp:term":[{"taxonomy":"category","embeddable":true,"href":"https:\/\/svetaobitelj.hr\/index.php?rest_route=%2Fwp%2Fv2%2Fcategories&post=2146"},{"taxonomy":"post_tag","embeddable":true,"href":"https:\/\/svetaobitelj.hr\/index.php?rest_route=%2Fwp%2Fv2%2Ftags&post=2146"}],"curies":[{"name":"wp","href":"https:\/\/api.w.org\/{rel}","templated":true}]}}