{"id":2140,"date":"2022-02-22T11:51:36","date_gmt":"2022-02-22T10:51:36","guid":{"rendered":"http:\/\/svetaobitelj.hr\/?p=2140"},"modified":"2022-03-05T21:17:18","modified_gmt":"2022-03-05T20:17:18","slug":"lijepom-nasom","status":"publish","type":"post","link":"https:\/\/svetaobitelj.hr\/?p=2140","title":{"rendered":"Lijepom Na\u0161om&#8230;"},"content":{"rendered":"\n<figure class=\"wp-block-image size-large\"><img loading=\"lazy\" decoding=\"async\" width=\"1024\" height=\"768\" src=\"http:\/\/svetaobitelj.hr\/wp-content\/uploads\/2022\/02\/slika1-2-1024x768.jpg\" alt=\"\" class=\"wp-image-2141\" srcset=\"https:\/\/svetaobitelj.hr\/wp-content\/uploads\/2022\/02\/slika1-2-1024x768.jpg 1024w, https:\/\/svetaobitelj.hr\/wp-content\/uploads\/2022\/02\/slika1-2-300x225.jpg 300w, https:\/\/svetaobitelj.hr\/wp-content\/uploads\/2022\/02\/slika1-2-768x576.jpg 768w, https:\/\/svetaobitelj.hr\/wp-content\/uploads\/2022\/02\/slika1-2-1536x1152.jpg 1536w, https:\/\/svetaobitelj.hr\/wp-content\/uploads\/2022\/02\/slika1-2-2048x1536.jpg 2048w\" sizes=\"auto, (max-width: 1024px) 100vw, 1024px\" \/><\/figure>\n\n\n\n<p>Ve\u0107 tradicionalno na\u0161i ministranti i redari za\u017eeljeli su malo oti\u0107i iz Osijeka i put ih je naveo na Plitvi\u010dka jezera i u Karlovac. S njima su i\u0161li i fra Miroslav Petrac iz Tvr\u0111e, vl\u010d. Vedran Bili\u0107 \u017eupnik iz Ila\u010de, ina\u010de prijatelj na\u0161eg fra Stjepana \u0161to nam je posebno drago i naravno na\u0161 \u017eupnik fra Dragutin. Odu\u0161evljeni prekrasnom prirodom i zahvalni Gospodinu na svemu tako lijepo stvorenom proveli smo predivno prijepodne obilaze\u0107i Plitvi\u010dka jezera. Pro\u0161li smo rutu od 3500 m gdje smo se vozili brodom, vlaki\u0107em te naravno veliki dio propje\u0161a\u010dili. <\/p>\n\n\n\n<figure class=\"wp-block-image size-large\"><img loading=\"lazy\" decoding=\"async\" width=\"1024\" height=\"768\" src=\"http:\/\/svetaobitelj.hr\/wp-content\/uploads\/2022\/02\/slika2-2-1024x768.jpg\" alt=\"\" class=\"wp-image-2142\" srcset=\"https:\/\/svetaobitelj.hr\/wp-content\/uploads\/2022\/02\/slika2-2-1024x768.jpg 1024w, https:\/\/svetaobitelj.hr\/wp-content\/uploads\/2022\/02\/slika2-2-300x225.jpg 300w, https:\/\/svetaobitelj.hr\/wp-content\/uploads\/2022\/02\/slika2-2-768x576.jpg 768w, https:\/\/svetaobitelj.hr\/wp-content\/uploads\/2022\/02\/slika2-2-1536x1152.jpg 1536w, https:\/\/svetaobitelj.hr\/wp-content\/uploads\/2022\/02\/slika2-2-2048x1536.jpg 2048w\" sizes=\"auto, (max-width: 1024px) 100vw, 1024px\" \/><\/figure>\n\n\n\n<p>Nakon toga oti\u0161li smo posjetiti franjeva\u010dki samostan u Karlovcu gdje su nas ugostili fra Krunoslav Albert gvardijan i \u017eupnik, i \u0111akon fra Ivan Ivankovi\u0107. Pokazali su nam samostan, crkvu, franjeva\u010dki muzej te nas odu\u0161evili spontano\u0161\u0107u, humorom i gostoprimstvom. Iako te\u0161ko pogo\u0111eni potresom svjedo\u010de vjeru i ljubav na\u0161ega hrvatskog naroda kojemu su potrebni pastiri koji ne bje\u017ee i od ovakvih situacija kada se \u010dini da je potresom uni\u0161teno sve, ali duh i zajedni\u0161tvo je neuni\u0161tivo.<\/p>\n\n\n\n<figure class=\"wp-block-image size-large\"><img loading=\"lazy\" decoding=\"async\" width=\"1024\" height=\"768\" src=\"http:\/\/svetaobitelj.hr\/wp-content\/uploads\/2022\/02\/slika3-1024x768.jpg\" alt=\"\" class=\"wp-image-2143\" srcset=\"https:\/\/svetaobitelj.hr\/wp-content\/uploads\/2022\/02\/slika3-1024x768.jpg 1024w, https:\/\/svetaobitelj.hr\/wp-content\/uploads\/2022\/02\/slika3-300x225.jpg 300w, https:\/\/svetaobitelj.hr\/wp-content\/uploads\/2022\/02\/slika3-768x576.jpg 768w, https:\/\/svetaobitelj.hr\/wp-content\/uploads\/2022\/02\/slika3-1536x1152.jpg 1536w, https:\/\/svetaobitelj.hr\/wp-content\/uploads\/2022\/02\/slika3-2048x1536.jpg 2048w\" sizes=\"auto, (max-width: 1024px) 100vw, 1024px\" \/><\/figure>\n\n\n\n<figure class=\"wp-block-image size-large\"><img loading=\"lazy\" decoding=\"async\" width=\"1024\" height=\"768\" src=\"http:\/\/svetaobitelj.hr\/wp-content\/uploads\/2022\/02\/slika4-1024x768.jpg\" alt=\"\" class=\"wp-image-2144\" srcset=\"https:\/\/svetaobitelj.hr\/wp-content\/uploads\/2022\/02\/slika4-1024x768.jpg 1024w, https:\/\/svetaobitelj.hr\/wp-content\/uploads\/2022\/02\/slika4-300x225.jpg 300w, https:\/\/svetaobitelj.hr\/wp-content\/uploads\/2022\/02\/slika4-768x576.jpg 768w, https:\/\/svetaobitelj.hr\/wp-content\/uploads\/2022\/02\/slika4-1536x1152.jpg 1536w, https:\/\/svetaobitelj.hr\/wp-content\/uploads\/2022\/02\/slika4-2048x1536.jpg 2048w\" sizes=\"auto, (max-width: 1024px) 100vw, 1024px\" \/><\/figure>\n\n\n\n<p>Bogu zahvalni za sve postoje\u0107e ministrante i redare te ohrabreni i osvje\u017eeni &#8220;novim snagama&#8221; hrabro kro\u010dimo ovim svijetom svjedo\u010de\u0107i Radosnu vijest zajedni\u0161tvom, molitvom i slu\u017eenjem u na\u0161oj \u017eupi. Svi smo pozvani zajedni\u010dki hoditi prema Vje\u010dnosti pa makar taj hod ponekad bio i izvan \u017eupne zajednice. Koristimo ovu prigodu da pohvalimo na\u0161e ministrante na iznimno dobrom pona\u0161anju te ustrajnom dola\u017eenju na svete mise kao i poslu\u0161nosti na\u0161em \u017eupniku.  Molimo i dalje za na\u0161e mlade da ostanu vjerni u ljubavi prema Gospodinu i \u017eupi.<\/p>\n","protected":false},"excerpt":{"rendered":"<p>Ve\u0107 tradicionalno na\u0161i ministranti i redari za\u017eeljeli su malo oti\u0107i iz Osijeka i put ih je naveo na Plitvi\u010dka jezera i u Karlovac. S njima su i\u0161li i fra Miroslav Petrac iz Tvr\u0111e, vl\u010d. Vedran Bili\u0107 \u017eupnik iz Ila\u010de, ina\u010de prijatelj na\u0161eg fra Stjepana \u0161to nam je posebno drago i naravno na\u0161 \u017eupnik fra Dragutin. <a href=\"https:\/\/svetaobitelj.hr\/?p=2140\" class=\"more-link\">[&hellip;]<\/a><\/p>\n","protected":false},"author":2,"featured_media":0,"comment_status":"closed","ping_status":"open","sticky":false,"template":"","format":"standard","meta":{"footnotes":""},"categories":[3],"tags":[],"class_list":["entry","author-","post-2140","post","type-post","status-publish","format-standard","category-zupa"],"_links":{"self":[{"href":"https:\/\/svetaobitelj.hr\/index.php?rest_route=\/wp\/v2\/posts\/2140","targetHints":{"allow":["GET"]}}],"collection":[{"href":"https:\/\/svetaobitelj.hr\/index.php?rest_route=\/wp\/v2\/posts"}],"about":[{"href":"https:\/\/svetaobitelj.hr\/index.php?rest_route=\/wp\/v2\/types\/post"}],"author":[{"embeddable":true,"href":"https:\/\/svetaobitelj.hr\/index.php?rest_route=\/wp\/v2\/users\/2"}],"replies":[{"embeddable":true,"href":"https:\/\/svetaobitelj.hr\/index.php?rest_route=%2Fwp%2Fv2%2Fcomments&post=2140"}],"version-history":[{"count":2,"href":"https:\/\/svetaobitelj.hr\/index.php?rest_route=\/wp\/v2\/posts\/2140\/revisions"}],"predecessor-version":[{"id":2174,"href":"https:\/\/svetaobitelj.hr\/index.php?rest_route=\/wp\/v2\/posts\/2140\/revisions\/2174"}],"wp:attachment":[{"href":"https:\/\/svetaobitelj.hr\/index.php?rest_route=%2Fwp%2Fv2%2Fmedia&parent=2140"}],"wp:term":[{"taxonomy":"category","embeddable":true,"href":"https:\/\/svetaobitelj.hr\/index.php?rest_route=%2Fwp%2Fv2%2Fcategories&post=2140"},{"taxonomy":"post_tag","embeddable":true,"href":"https:\/\/svetaobitelj.hr\/index.php?rest_route=%2Fwp%2Fv2%2Ftags&post=2140"}],"curies":[{"name":"wp","href":"https:\/\/api.w.org\/{rel}","templated":true}]}}