{"id":2137,"date":"2022-02-18T08:47:18","date_gmt":"2022-02-18T07:47:18","guid":{"rendered":"https:\/\/svetaobitelj.hr\/?p=2137"},"modified":"2022-02-18T08:47:18","modified_gmt":"2022-02-18T07:47:18","slug":"zupne-obavijesti-7-nedjelja-kroz-godinu-3","status":"publish","type":"post","link":"https:\/\/svetaobitelj.hr\/?p=2137","title":{"rendered":"\u017dupne obavijesti: 7. nedjelja kroz godinu"},"content":{"rendered":"\n<p><strong>Slavimo sedmu nedjelju kroz godinu.<\/strong><\/p>\n\n\n\n<p><strong>Od sutra, ponedjeljkom \u0107e biti u na\u0161oj \u017eupnoj crkvi molitva krunice Bo\u017ejega Milosr\u0111a u 18:15 sati. Biblijski sat je ponedjeljkom nakon ve\u010dernje svete mise.<\/strong><\/p>\n\n\n\n<p><strong>U srijedu je susret molitvene zajednice nakon ve\u010dernje svete mise.<\/strong><\/p>\n\n\n\n<p><strong>U \u010detvrtak je nakon ve\u010dernje svete mise klanjanje pred Presvetim.<\/strong><\/p>\n\n\n\n<p><strong>Sljede\u0107e nedjelje slavimo osmu nedjelju kroz godinu. &nbsp;<\/strong><\/p>\n\n\n\n<p><strong>Odlukom na\u0161ega nadbiskupa, mons. \u0110ure Hrani\u0107a, u \u010ditavoj na\u0161oj nadbiskupiji bit \u0107e izbori novih \u010dlanova \u017eupnih pastoralnih i ekonomskih vije\u0107a u nedjelju, 13. o\u017eujka ove godine. Pozvani smo da se kao vjernici i \u017eupljani duhovno i molitveno pripremimo za izbore pa \u0107emo ovoga \u010detvrtka pod klanjanjem pred Presvetim imati tu nakanu.<\/strong><\/p>\n\n\n\n<p><strong>Zahvalni za va\u0161u pomo\u0107 kojom poma\u017eete obnovu na\u0161ih crkava i samostana nastradalih u potresima, preporu\u010damo se i nadalje va\u0161oj dobroti. Svoj nov\u010dani prilog mo\u017eete dati u posebno ozna\u010denu \u0161krabicu pri izlazu iz crkve ili u \u017eupni ured ili direktno uplatiti na ra\u010dun koji se nalazi na plakatu ili letku.<\/strong><\/p>\n\n\n\n<p><strong>U na\u0161oj \u017eupnoj crkvi obveza je dezinfekcija ruku na ulazu, no\u0161enje maski i potrebna udaljenost. Redari nam poma\u017eu u po\u0161tivanju tih mjera.<\/strong><\/p>\n\n\n\n<p><strong>Molimo sve vas koji jo\u0161 nemate \u017eupnu obiteljsku knji\u017eicu ili je potrebno upisati promjene u postoje\u0107e, da se javite u \u017eupni ured u uredovno vrijeme.<\/strong><\/p>\n\n\n\n<p><strong>Kupujte i \u010ditajte katoli\u010dki vjerski tisak.<\/strong><\/p>\n","protected":false},"excerpt":{"rendered":"<p>Slavimo sedmu nedjelju kroz godinu. Od sutra, ponedjeljkom \u0107e biti u na\u0161oj \u017eupnoj crkvi molitva krunice Bo\u017ejega Milosr\u0111a u 18:15 sati. Biblijski sat je ponedjeljkom nakon ve\u010dernje svete mise. U srijedu je susret molitvene zajednice nakon ve\u010dernje svete mise. U \u010detvrtak je nakon ve\u010dernje svete mise klanjanje pred Presvetim. Sljede\u0107e nedjelje slavimo osmu nedjelju kroz <a href=\"https:\/\/svetaobitelj.hr\/?p=2137\" class=\"more-link\">[&hellip;]<\/a><\/p>\n","protected":false},"author":2,"featured_media":0,"comment_status":"closed","ping_status":"open","sticky":false,"template":"","format":"standard","meta":{"footnotes":""},"categories":[3],"tags":[],"class_list":["entry","author-","post-2137","post","type-post","status-publish","format-standard","category-zupa"],"_links":{"self":[{"href":"https:\/\/svetaobitelj.hr\/index.php?rest_route=\/wp\/v2\/posts\/2137","targetHints":{"allow":["GET"]}}],"collection":[{"href":"https:\/\/svetaobitelj.hr\/index.php?rest_route=\/wp\/v2\/posts"}],"about":[{"href":"https:\/\/svetaobitelj.hr\/index.php?rest_route=\/wp\/v2\/types\/post"}],"author":[{"embeddable":true,"href":"https:\/\/svetaobitelj.hr\/index.php?rest_route=\/wp\/v2\/users\/2"}],"replies":[{"embeddable":true,"href":"https:\/\/svetaobitelj.hr\/index.php?rest_route=%2Fwp%2Fv2%2Fcomments&post=2137"}],"version-history":[{"count":1,"href":"https:\/\/svetaobitelj.hr\/index.php?rest_route=\/wp\/v2\/posts\/2137\/revisions"}],"predecessor-version":[{"id":2138,"href":"https:\/\/svetaobitelj.hr\/index.php?rest_route=\/wp\/v2\/posts\/2137\/revisions\/2138"}],"wp:attachment":[{"href":"https:\/\/svetaobitelj.hr\/index.php?rest_route=%2Fwp%2Fv2%2Fmedia&parent=2137"}],"wp:term":[{"taxonomy":"category","embeddable":true,"href":"https:\/\/svetaobitelj.hr\/index.php?rest_route=%2Fwp%2Fv2%2Fcategories&post=2137"},{"taxonomy":"post_tag","embeddable":true,"href":"https:\/\/svetaobitelj.hr\/index.php?rest_route=%2Fwp%2Fv2%2Ftags&post=2137"}],"curies":[{"name":"wp","href":"https:\/\/api.w.org\/{rel}","templated":true}]}}