{"id":2131,"date":"2022-02-12T19:08:36","date_gmt":"2022-02-12T18:08:36","guid":{"rendered":"http:\/\/svetaobitelj.hr\/?p=2131"},"modified":"2022-02-12T23:53:43","modified_gmt":"2022-02-12T22:53:43","slug":"proslava-gospe-lurdske-i-dana-bolesnika-2","status":"publish","type":"post","link":"https:\/\/svetaobitelj.hr\/?p=2131","title":{"rendered":"PROSLAVA GOSPE LURDSKE I DANA BOLESNIKA"},"content":{"rendered":"\n<figure class=\"wp-block-image size-large\"><img loading=\"lazy\" decoding=\"async\" width=\"1024\" height=\"768\" src=\"http:\/\/svetaobitelj.hr\/wp-content\/uploads\/2022\/02\/SLIKA1-1-1024x768.jpg\" alt=\"\" class=\"wp-image-2132\" srcset=\"https:\/\/svetaobitelj.hr\/wp-content\/uploads\/2022\/02\/SLIKA1-1-1024x768.jpg 1024w, https:\/\/svetaobitelj.hr\/wp-content\/uploads\/2022\/02\/SLIKA1-1-300x225.jpg 300w, https:\/\/svetaobitelj.hr\/wp-content\/uploads\/2022\/02\/SLIKA1-1-768x576.jpg 768w, https:\/\/svetaobitelj.hr\/wp-content\/uploads\/2022\/02\/SLIKA1-1-1536x1152.jpg 1536w, https:\/\/svetaobitelj.hr\/wp-content\/uploads\/2022\/02\/SLIKA1-1-2048x1536.jpg 2048w\" sizes=\"auto, (max-width: 1024px) 100vw, 1024px\" \/><\/figure>\n\n\n\n<p>U petak 11. velja\u010de proslavili smo Gospu Lurdsku i Dan bolesnika. Sveta misa bila je u 15:30 sati, koju je predvodio \u017eupnik fra Dragutin Bedeni\u010di\u0107. U svojoj propovijedi istaknuo je da ne bismo smjeli moliti da nas Gospodin oslobodi bolesti, nego moliti da taj kri\u017e \u0161to lak\u0161e nosimo kroz \u017eivot i u bolesti ne budemo oholi i \u010dangrizavi, nego s ljubavlju se ophodimo prema bli\u017enjima, kao i da svojim bolesnima i starima trebamo pru\u017eiti potporu i skrb jer smo na to pozvani. Pod misom je podjeljeno bolesni\u010dko pomazanje svima koji su osjetili potrebu i na taj na\u010din molili Bo\u017eju snagu u vlastitom \u017eivotu. <\/p>\n\n\n\n<p>Nakon ve\u010dernje svete mise procesijom sa svije\u0107ama oko \u017eupne crkve zahvalili smo na\u0161oj Majci za svu ljubav pjevaju\u0107i pjesme Njoj u \u010dast. Kraljice Hrvata \u010duvaj na\u0161 narod od svakoga zla.<\/p>\n\n\n\n<figure class=\"wp-block-image size-large\"><img loading=\"lazy\" decoding=\"async\" width=\"1024\" height=\"768\" src=\"http:\/\/svetaobitelj.hr\/wp-content\/uploads\/2022\/02\/SLIKA2-1-1024x768.jpg\" alt=\"\" class=\"wp-image-2133\" srcset=\"https:\/\/svetaobitelj.hr\/wp-content\/uploads\/2022\/02\/SLIKA2-1-1024x768.jpg 1024w, https:\/\/svetaobitelj.hr\/wp-content\/uploads\/2022\/02\/SLIKA2-1-300x225.jpg 300w, https:\/\/svetaobitelj.hr\/wp-content\/uploads\/2022\/02\/SLIKA2-1-768x576.jpg 768w, https:\/\/svetaobitelj.hr\/wp-content\/uploads\/2022\/02\/SLIKA2-1-1536x1152.jpg 1536w, https:\/\/svetaobitelj.hr\/wp-content\/uploads\/2022\/02\/SLIKA2-1-2048x1536.jpg 2048w\" sizes=\"auto, (max-width: 1024px) 100vw, 1024px\" \/><\/figure>\n","protected":false},"excerpt":{"rendered":"<p>U petak 11. velja\u010de proslavili smo Gospu Lurdsku i Dan bolesnika. Sveta misa bila je u 15:30 sati, koju je predvodio \u017eupnik fra Dragutin Bedeni\u010di\u0107. U svojoj propovijedi istaknuo je da ne bismo smjeli moliti da nas Gospodin oslobodi bolesti, nego moliti da taj kri\u017e \u0161to lak\u0161e nosimo kroz \u017eivot i u bolesti ne budemo <a href=\"https:\/\/svetaobitelj.hr\/?p=2131\" class=\"more-link\">[&hellip;]<\/a><\/p>\n","protected":false},"author":2,"featured_media":0,"comment_status":"closed","ping_status":"open","sticky":false,"template":"","format":"standard","meta":{"footnotes":""},"categories":[3],"tags":[],"class_list":["entry","author-","post-2131","post","type-post","status-publish","format-standard","category-zupa"],"_links":{"self":[{"href":"https:\/\/svetaobitelj.hr\/index.php?rest_route=\/wp\/v2\/posts\/2131","targetHints":{"allow":["GET"]}}],"collection":[{"href":"https:\/\/svetaobitelj.hr\/index.php?rest_route=\/wp\/v2\/posts"}],"about":[{"href":"https:\/\/svetaobitelj.hr\/index.php?rest_route=\/wp\/v2\/types\/post"}],"author":[{"embeddable":true,"href":"https:\/\/svetaobitelj.hr\/index.php?rest_route=\/wp\/v2\/users\/2"}],"replies":[{"embeddable":true,"href":"https:\/\/svetaobitelj.hr\/index.php?rest_route=%2Fwp%2Fv2%2Fcomments&post=2131"}],"version-history":[{"count":2,"href":"https:\/\/svetaobitelj.hr\/index.php?rest_route=\/wp\/v2\/posts\/2131\/revisions"}],"predecessor-version":[{"id":2136,"href":"https:\/\/svetaobitelj.hr\/index.php?rest_route=\/wp\/v2\/posts\/2131\/revisions\/2136"}],"wp:attachment":[{"href":"https:\/\/svetaobitelj.hr\/index.php?rest_route=%2Fwp%2Fv2%2Fmedia&parent=2131"}],"wp:term":[{"taxonomy":"category","embeddable":true,"href":"https:\/\/svetaobitelj.hr\/index.php?rest_route=%2Fwp%2Fv2%2Fcategories&post=2131"},{"taxonomy":"post_tag","embeddable":true,"href":"https:\/\/svetaobitelj.hr\/index.php?rest_route=%2Fwp%2Fv2%2Ftags&post=2131"}],"curies":[{"name":"wp","href":"https:\/\/api.w.org\/{rel}","templated":true}]}}