{"id":2129,"date":"2022-02-12T08:55:16","date_gmt":"2022-02-12T07:55:16","guid":{"rendered":"https:\/\/svetaobitelj.hr\/?p=2129"},"modified":"2022-02-12T08:55:16","modified_gmt":"2022-02-12T07:55:16","slug":"zupne-obavijesti-6-nedjelja-kroz-godinu-4","status":"publish","type":"post","link":"https:\/\/svetaobitelj.hr\/?p=2129","title":{"rendered":"\u017dupne obavijesti: 6. nedjelja kroz godinu"},"content":{"rendered":"\n<p>Slavimo \u0161estu nedjelju kroz godinu. Redoviti susret \u010dlanova Mjesnoga bratstva OFS-a je u 16:30 sati.<\/p>\n\n\n\n<p>Sutra je biblijski sat nakon ve\u010dernje svete mise.<\/p>\n\n\n\n<p>U utorak je susret \u010dlanova Vojske Bezgre\u0161ne nakon ve\u010dernje svete mise.<\/p>\n\n\n\n<p>U srijedu je susret molitvene zajednice nakon ve\u010dernje svete mise.<\/p>\n\n\n\n<p>U \u010detvrtak je nakon ve\u010dernje svete mise klanjanje pred Presvetim.<\/p>\n\n\n\n<p>Sljede\u0107e nedjelje slavimo sedmu nedjelju kroz godinu.<\/p>\n\n\n\n<p>Zahvalni za va\u0161u pomo\u0107 kojom poma\u017eete obnovu na\u0161ih crkava i samostana nastradalih u potresima, preporu\u010damo se i nadalje va\u0161oj dobroti. Svoj nov\u010dani prilog mo\u017eete dati u posebno ozna\u010denu \u0161krabicu pri izlazu iz crkve ili u \u017eupni ured ili direktno uplatiti na ra\u010dun koji se nalazi na plakatu ili letku.<\/p>\n\n\n\n<p>U na\u0161oj \u017eupnoj crkvi obveza je dezinfekcija ruku na ulazu, no\u0161enje maski i potrebna udaljenost. Redari nam poma\u017eu u po\u0161tivanju tih mjera.<\/p>\n\n\n\n<p>Molimo sve vas koji jo\u0161 nemate \u017eupnu obiteljsku knji\u017eicu ili je potrebno upisati promjene u postoje\u0107e, da se javite u \u017eupni ured u uredovno vrijeme.<\/p>\n\n\n\n<p>Kupujte i \u010ditajte katoli\u010dki vjerski tisak.<\/p>\n","protected":false},"excerpt":{"rendered":"<p>Slavimo \u0161estu nedjelju kroz godinu. Redoviti susret \u010dlanova Mjesnoga bratstva OFS-a je u 16:30 sati. Sutra je biblijski sat nakon ve\u010dernje svete mise. U utorak je susret \u010dlanova Vojske Bezgre\u0161ne nakon ve\u010dernje svete mise. U srijedu je susret molitvene zajednice nakon ve\u010dernje svete mise. U \u010detvrtak je nakon ve\u010dernje svete mise klanjanje pred Presvetim. Sljede\u0107e <a href=\"https:\/\/svetaobitelj.hr\/?p=2129\" class=\"more-link\">[&hellip;]<\/a><\/p>\n","protected":false},"author":2,"featured_media":0,"comment_status":"closed","ping_status":"open","sticky":false,"template":"","format":"standard","meta":{"footnotes":""},"categories":[3],"tags":[],"class_list":["entry","author-","post-2129","post","type-post","status-publish","format-standard","category-zupa"],"_links":{"self":[{"href":"https:\/\/svetaobitelj.hr\/index.php?rest_route=\/wp\/v2\/posts\/2129","targetHints":{"allow":["GET"]}}],"collection":[{"href":"https:\/\/svetaobitelj.hr\/index.php?rest_route=\/wp\/v2\/posts"}],"about":[{"href":"https:\/\/svetaobitelj.hr\/index.php?rest_route=\/wp\/v2\/types\/post"}],"author":[{"embeddable":true,"href":"https:\/\/svetaobitelj.hr\/index.php?rest_route=\/wp\/v2\/users\/2"}],"replies":[{"embeddable":true,"href":"https:\/\/svetaobitelj.hr\/index.php?rest_route=%2Fwp%2Fv2%2Fcomments&post=2129"}],"version-history":[{"count":1,"href":"https:\/\/svetaobitelj.hr\/index.php?rest_route=\/wp\/v2\/posts\/2129\/revisions"}],"predecessor-version":[{"id":2130,"href":"https:\/\/svetaobitelj.hr\/index.php?rest_route=\/wp\/v2\/posts\/2129\/revisions\/2130"}],"wp:attachment":[{"href":"https:\/\/svetaobitelj.hr\/index.php?rest_route=%2Fwp%2Fv2%2Fmedia&parent=2129"}],"wp:term":[{"taxonomy":"category","embeddable":true,"href":"https:\/\/svetaobitelj.hr\/index.php?rest_route=%2Fwp%2Fv2%2Fcategories&post=2129"},{"taxonomy":"post_tag","embeddable":true,"href":"https:\/\/svetaobitelj.hr\/index.php?rest_route=%2Fwp%2Fv2%2Ftags&post=2129"}],"curies":[{"name":"wp","href":"https:\/\/api.w.org\/{rel}","templated":true}]}}