{"id":2121,"date":"2022-02-04T20:30:53","date_gmt":"2022-02-04T19:30:53","guid":{"rendered":"http:\/\/svetaobitelj.hr\/?p=2121"},"modified":"2022-02-04T20:30:53","modified_gmt":"2022-02-04T19:30:53","slug":"svijecnica-i-spomendan-sv-blaza","status":"publish","type":"post","link":"https:\/\/svetaobitelj.hr\/?p=2121","title":{"rendered":"Svije\u0107nica i spomendan sv. Bla\u017ea"},"content":{"rendered":"\n<figure class=\"wp-block-image size-large\"><img loading=\"lazy\" decoding=\"async\" width=\"1024\" height=\"768\" src=\"http:\/\/svetaobitelj.hr\/wp-content\/uploads\/2022\/02\/slika1-1024x768.jpg\" alt=\"\" class=\"wp-image-2122\" srcset=\"https:\/\/svetaobitelj.hr\/wp-content\/uploads\/2022\/02\/slika1-1024x768.jpg 1024w, https:\/\/svetaobitelj.hr\/wp-content\/uploads\/2022\/02\/slika1-300x225.jpg 300w, https:\/\/svetaobitelj.hr\/wp-content\/uploads\/2022\/02\/slika1-768x576.jpg 768w, https:\/\/svetaobitelj.hr\/wp-content\/uploads\/2022\/02\/slika1-1536x1152.jpg 1536w, https:\/\/svetaobitelj.hr\/wp-content\/uploads\/2022\/02\/slika1-2048x1536.jpg 2048w\" sizes=\"auto, (max-width: 1024px) 100vw, 1024px\" \/><\/figure>\n\n\n\n<p>Donijev\u0161i Isusa u Hram, Marija i Josip izvr\u0161avaju Zakon . Hram je tada u potpunosti postao mjesto Bo\u017ejega sjaja, jer je u nj u\u0161lo Svjetlo istinsko koje prosvjetljuje svakog \u010dovjeka. I mi smo po kr\u0161tenju postali svjedoci toga Svjetla koje primismo iz Maj\u010dina naru\u010dja, te je na nama obveza da ga \u010duvamo kao neprocjenjivu vrijednost koja razgoni tamu ovoga svijeta. Na svetim misama toga smo se podsjetili uz blagoslov svije\u0107a i slavljenje euharistije.<\/p>\n\n\n\n<figure class=\"wp-block-image size-large\"><img loading=\"lazy\" decoding=\"async\" width=\"1024\" height=\"768\" src=\"http:\/\/svetaobitelj.hr\/wp-content\/uploads\/2022\/02\/slika2-1024x768.jpg\" alt=\"\" class=\"wp-image-2123\" srcset=\"https:\/\/svetaobitelj.hr\/wp-content\/uploads\/2022\/02\/slika2-1024x768.jpg 1024w, https:\/\/svetaobitelj.hr\/wp-content\/uploads\/2022\/02\/slika2-300x225.jpg 300w, https:\/\/svetaobitelj.hr\/wp-content\/uploads\/2022\/02\/slika2-768x576.jpg 768w, https:\/\/svetaobitelj.hr\/wp-content\/uploads\/2022\/02\/slika2-1536x1152.jpg 1536w, https:\/\/svetaobitelj.hr\/wp-content\/uploads\/2022\/02\/slika2-2048x1536.jpg 2048w\" sizes=\"auto, (max-width: 1024px) 100vw, 1024px\" \/><\/figure>\n\n\n\n<p>Zagovorom sv. Bla\u017ea biskupa i mu\u010denika, oslobodio te Gospodin bolesti grla i svakoga drugoga zla. U ime Oca i Sina i Duha Svetoga. Amen!<\/p>\n","protected":false},"excerpt":{"rendered":"<p>Donijev\u0161i Isusa u Hram, Marija i Josip izvr\u0161avaju Zakon . Hram je tada u potpunosti postao mjesto Bo\u017ejega sjaja, jer je u nj u\u0161lo Svjetlo istinsko koje prosvjetljuje svakog \u010dovjeka. I mi smo po kr\u0161tenju postali svjedoci toga Svjetla koje primismo iz Maj\u010dina naru\u010dja, te je na nama obveza da ga \u010duvamo kao neprocjenjivu vrijednost <a href=\"https:\/\/svetaobitelj.hr\/?p=2121\" class=\"more-link\">[&hellip;]<\/a><\/p>\n","protected":false},"author":2,"featured_media":0,"comment_status":"closed","ping_status":"open","sticky":false,"template":"","format":"standard","meta":{"footnotes":""},"categories":[3],"tags":[],"class_list":["entry","author-","post-2121","post","type-post","status-publish","format-standard","category-zupa"],"_links":{"self":[{"href":"https:\/\/svetaobitelj.hr\/index.php?rest_route=\/wp\/v2\/posts\/2121","targetHints":{"allow":["GET"]}}],"collection":[{"href":"https:\/\/svetaobitelj.hr\/index.php?rest_route=\/wp\/v2\/posts"}],"about":[{"href":"https:\/\/svetaobitelj.hr\/index.php?rest_route=\/wp\/v2\/types\/post"}],"author":[{"embeddable":true,"href":"https:\/\/svetaobitelj.hr\/index.php?rest_route=\/wp\/v2\/users\/2"}],"replies":[{"embeddable":true,"href":"https:\/\/svetaobitelj.hr\/index.php?rest_route=%2Fwp%2Fv2%2Fcomments&post=2121"}],"version-history":[{"count":1,"href":"https:\/\/svetaobitelj.hr\/index.php?rest_route=\/wp\/v2\/posts\/2121\/revisions"}],"predecessor-version":[{"id":2124,"href":"https:\/\/svetaobitelj.hr\/index.php?rest_route=\/wp\/v2\/posts\/2121\/revisions\/2124"}],"wp:attachment":[{"href":"https:\/\/svetaobitelj.hr\/index.php?rest_route=%2Fwp%2Fv2%2Fmedia&parent=2121"}],"wp:term":[{"taxonomy":"category","embeddable":true,"href":"https:\/\/svetaobitelj.hr\/index.php?rest_route=%2Fwp%2Fv2%2Fcategories&post=2121"},{"taxonomy":"post_tag","embeddable":true,"href":"https:\/\/svetaobitelj.hr\/index.php?rest_route=%2Fwp%2Fv2%2Ftags&post=2121"}],"curies":[{"name":"wp","href":"https:\/\/api.w.org\/{rel}","templated":true}]}}