{"id":2118,"date":"2022-01-31T10:26:03","date_gmt":"2022-01-31T09:26:03","guid":{"rendered":"http:\/\/svetaobitelj.hr\/?p=2118"},"modified":"2022-01-31T10:26:03","modified_gmt":"2022-01-31T09:26:03","slug":"sinodalna-sinoda","status":"publish","type":"post","link":"https:\/\/svetaobitelj.hr\/?p=2118","title":{"rendered":"Sinodalna sinoda"},"content":{"rendered":"\n<p>Koordinatori za sinodalnu sinodu na\u0161e \u017eupe i \u010dlanovi organizacijskog tima nazo\u010dili su u subotu 29.01.2022 u nadbiskupijskom vikarijatu u Osijeku formacijskom susretu za sinodsko savjetovanje.  Susret se sastojao od dva dijela- prvi dio bio je izlaganje i upoznavanje sa slu\u017ebenim dokumentima Sinode 2021-2023 , dok je drugi dio bio prakti\u010dne naravi. Na koordinatorima i njima pridru\u017eenom timu po\u010diva velika odgovornost za provo\u0111enje biskupijske etape Sinode na koju nas je pozvao papa Franjo. <\/p>\n\n\n\n<figure class=\"wp-block-image size-large\"><img loading=\"lazy\" decoding=\"async\" width=\"1024\" height=\"767\" src=\"http:\/\/svetaobitelj.hr\/wp-content\/uploads\/2022\/01\/slika2-2-1024x767.jpg\" alt=\"\" class=\"wp-image-2119\" srcset=\"https:\/\/svetaobitelj.hr\/wp-content\/uploads\/2022\/01\/slika2-2-1024x767.jpg 1024w, https:\/\/svetaobitelj.hr\/wp-content\/uploads\/2022\/01\/slika2-2-300x225.jpg 300w, https:\/\/svetaobitelj.hr\/wp-content\/uploads\/2022\/01\/slika2-2-768x575.jpg 768w, https:\/\/svetaobitelj.hr\/wp-content\/uploads\/2022\/01\/slika2-2-1536x1150.jpg 1536w, https:\/\/svetaobitelj.hr\/wp-content\/uploads\/2022\/01\/slika2-2.jpg 1600w\" sizes=\"auto, (max-width: 1024px) 100vw, 1024px\" \/><\/figure>\n\n\n\n<p>Vi\u0161e o sinodalnoj sinodi mo\u017eete pro\u010ditati na linku:<\/p>\n\n\n\n<figure class=\"wp-block-embed is-type-wp-embed is-provider-ugradnja wp-block-embed-ugradnja\"><div class=\"wp-block-embed__wrapper\">\n<blockquote class=\"wp-embedded-content\" data-secret=\"RX8H4ax6Wt\"><a href=\"https:\/\/djos.hr\/sinoda-o-sinodalnosti\/\">Sinoda o sinodalnosti Crkve<\/a><\/blockquote><iframe loading=\"lazy\" class=\"wp-embedded-content\" sandbox=\"allow-scripts\" security=\"restricted\" style=\"position: absolute; clip: rect(1px, 1px, 1px, 1px);\" title=\"&#8220;Sinoda o sinodalnosti Crkve&#8221; &#8212; \" src=\"https:\/\/djos.hr\/sinoda-o-sinodalnosti\/embed\/#?secret=RX8H4ax6Wt\" data-secret=\"RX8H4ax6Wt\" width=\"600\" height=\"338\" frameborder=\"0\" marginwidth=\"0\" marginheight=\"0\" scrolling=\"no\"><\/iframe>\n<\/div><\/figure>\n","protected":false},"excerpt":{"rendered":"<p>Koordinatori za sinodalnu sinodu na\u0161e \u017eupe i \u010dlanovi organizacijskog tima nazo\u010dili su u subotu 29.01.2022 u nadbiskupijskom vikarijatu u Osijeku formacijskom susretu za sinodsko savjetovanje. Susret se sastojao od dva dijela- prvi dio bio je izlaganje i upoznavanje sa slu\u017ebenim dokumentima Sinode 2021-2023 , dok je drugi dio bio prakti\u010dne naravi. Na koordinatorima i njima <a href=\"https:\/\/svetaobitelj.hr\/?p=2118\" class=\"more-link\">[&hellip;]<\/a><\/p>\n","protected":false},"author":2,"featured_media":0,"comment_status":"closed","ping_status":"open","sticky":false,"template":"","format":"standard","meta":{"footnotes":""},"categories":[3],"tags":[],"class_list":["entry","author-","post-2118","post","type-post","status-publish","format-standard","category-zupa"],"_links":{"self":[{"href":"https:\/\/svetaobitelj.hr\/index.php?rest_route=\/wp\/v2\/posts\/2118","targetHints":{"allow":["GET"]}}],"collection":[{"href":"https:\/\/svetaobitelj.hr\/index.php?rest_route=\/wp\/v2\/posts"}],"about":[{"href":"https:\/\/svetaobitelj.hr\/index.php?rest_route=\/wp\/v2\/types\/post"}],"author":[{"embeddable":true,"href":"https:\/\/svetaobitelj.hr\/index.php?rest_route=\/wp\/v2\/users\/2"}],"replies":[{"embeddable":true,"href":"https:\/\/svetaobitelj.hr\/index.php?rest_route=%2Fwp%2Fv2%2Fcomments&post=2118"}],"version-history":[{"count":1,"href":"https:\/\/svetaobitelj.hr\/index.php?rest_route=\/wp\/v2\/posts\/2118\/revisions"}],"predecessor-version":[{"id":2120,"href":"https:\/\/svetaobitelj.hr\/index.php?rest_route=\/wp\/v2\/posts\/2118\/revisions\/2120"}],"wp:attachment":[{"href":"https:\/\/svetaobitelj.hr\/index.php?rest_route=%2Fwp%2Fv2%2Fmedia&parent=2118"}],"wp:term":[{"taxonomy":"category","embeddable":true,"href":"https:\/\/svetaobitelj.hr\/index.php?rest_route=%2Fwp%2Fv2%2Fcategories&post=2118"},{"taxonomy":"post_tag","embeddable":true,"href":"https:\/\/svetaobitelj.hr\/index.php?rest_route=%2Fwp%2Fv2%2Ftags&post=2118"}],"curies":[{"name":"wp","href":"https:\/\/api.w.org\/{rel}","templated":true}]}}