{"id":2096,"date":"2022-01-08T11:12:51","date_gmt":"2022-01-08T10:12:51","guid":{"rendered":"https:\/\/svetaobitelj.hr\/?p=2096"},"modified":"2022-01-08T11:12:52","modified_gmt":"2022-01-08T10:12:52","slug":"zupne-obavijesti-krstenje-gospodinovo-4","status":"publish","type":"post","link":"https:\/\/svetaobitelj.hr\/?p=2096","title":{"rendered":"\u017dupne obavijesti: Kr\u0161tenje Gospodinovo"},"content":{"rendered":"\n<p><strong>Slavimo Kr\u0161tenje Gospodinovo \u010dime zavr\u0161ava bo\u017ei\u0107ni ciklus u liturgijskoj godini, a zapo\u010dinje vrijeme kroz godinu. Redoviti mjese\u010dni susret Mjesnoga bratstva OFS-a je u 16:30 sati.<\/strong><\/p>\n\n\n\n<p><strong>Sutra je biblijski sat nakon ve\u010dernje svete mise.<\/strong><\/p>\n\n\n\n<p><strong>U srijedu je susret molitvene zajednice nakon ve\u010dernje svete mise.<\/strong><\/p>\n\n\n\n<p><strong>U \u010detvrtak je nakon ve\u010dernje svete mise klanjanje pred Presvetim.<\/strong><\/p>\n\n\n\n<p><strong>Sljede\u0107e nedjelje slavimo drugu nedjelju kroz godinu.<\/strong><strong><\/strong><\/p>\n\n\n\n<p><strong>Zahvalni za va\u0161u pomo\u0107 kojom poma\u017eete obnovu na\u0161ih crkava i samostana nastradalih u potresima, preporu\u010damo se i nadalje va\u0161oj dobroti. Svoj nov\u010dani prilog mo\u017eete dati u posebno ozna\u010denu \u0161krabicu pri izlazu iz crkve ili u \u017eupni ured ili direktno uplatiti na ra\u010dun koji se nalazi na plakatu ili letku.<\/strong><\/p>\n\n\n\n<p><strong>U na\u0161oj \u017eupnoj crkvi obveza je dezinfekcija ruku na ulazu, no\u0161enje maski i potrebna udaljenost. Redari nam poma\u017eu u po\u0161tivanju tih mjera.<\/strong><\/p>\n\n\n\n<p><strong>Molimo sve vas koji jo\u0161 nemate \u017eupnu obiteljsku knji\u017eicu ili je potrebno upisati promjene u postoje\u0107e, da se javite u \u017eupni ured u uredovno vrijeme.<\/strong><\/p>\n\n\n\n<p><strong>Kupujte i \u010ditajte katoli\u010dki vjerski tisak. U \u017eupnom uredu i sakristiji mo\u017eete kupiti kalendare za ovu godinu.<\/strong><\/p>\n","protected":false},"excerpt":{"rendered":"<p>Slavimo Kr\u0161tenje Gospodinovo \u010dime zavr\u0161ava bo\u017ei\u0107ni ciklus u liturgijskoj godini, a zapo\u010dinje vrijeme kroz godinu. Redoviti mjese\u010dni susret Mjesnoga bratstva OFS-a je u 16:30 sati. Sutra je biblijski sat nakon ve\u010dernje svete mise. U srijedu je susret molitvene zajednice nakon ve\u010dernje svete mise. U \u010detvrtak je nakon ve\u010dernje svete mise klanjanje pred Presvetim. Sljede\u0107e nedjelje <a href=\"https:\/\/svetaobitelj.hr\/?p=2096\" class=\"more-link\">[&hellip;]<\/a><\/p>\n","protected":false},"author":2,"featured_media":0,"comment_status":"closed","ping_status":"open","sticky":false,"template":"","format":"standard","meta":{"footnotes":""},"categories":[3],"tags":[],"class_list":["entry","author-","post-2096","post","type-post","status-publish","format-standard","category-zupa"],"_links":{"self":[{"href":"https:\/\/svetaobitelj.hr\/index.php?rest_route=\/wp\/v2\/posts\/2096","targetHints":{"allow":["GET"]}}],"collection":[{"href":"https:\/\/svetaobitelj.hr\/index.php?rest_route=\/wp\/v2\/posts"}],"about":[{"href":"https:\/\/svetaobitelj.hr\/index.php?rest_route=\/wp\/v2\/types\/post"}],"author":[{"embeddable":true,"href":"https:\/\/svetaobitelj.hr\/index.php?rest_route=\/wp\/v2\/users\/2"}],"replies":[{"embeddable":true,"href":"https:\/\/svetaobitelj.hr\/index.php?rest_route=%2Fwp%2Fv2%2Fcomments&post=2096"}],"version-history":[{"count":1,"href":"https:\/\/svetaobitelj.hr\/index.php?rest_route=\/wp\/v2\/posts\/2096\/revisions"}],"predecessor-version":[{"id":2097,"href":"https:\/\/svetaobitelj.hr\/index.php?rest_route=\/wp\/v2\/posts\/2096\/revisions\/2097"}],"wp:attachment":[{"href":"https:\/\/svetaobitelj.hr\/index.php?rest_route=%2Fwp%2Fv2%2Fmedia&parent=2096"}],"wp:term":[{"taxonomy":"category","embeddable":true,"href":"https:\/\/svetaobitelj.hr\/index.php?rest_route=%2Fwp%2Fv2%2Fcategories&post=2096"},{"taxonomy":"post_tag","embeddable":true,"href":"https:\/\/svetaobitelj.hr\/index.php?rest_route=%2Fwp%2Fv2%2Ftags&post=2096"}],"curies":[{"name":"wp","href":"https:\/\/api.w.org\/{rel}","templated":true}]}}