{"id":2090,"date":"2022-01-03T19:42:10","date_gmt":"2022-01-03T18:42:10","guid":{"rendered":"http:\/\/svetaobitelj.hr\/?p=2090"},"modified":"2022-01-03T19:42:10","modified_gmt":"2022-01-03T18:42:10","slug":"ispracaj-stare-godine-u-najljepsem-bozicnom-tramvaju","status":"publish","type":"post","link":"https:\/\/svetaobitelj.hr\/?p=2090","title":{"rendered":"Ispra\u0107aj stare godine u najljep\u0161em bo\u017ei\u0107nom tramvaju"},"content":{"rendered":"\n<figure class=\"wp-block-image size-large\"><img loading=\"lazy\" decoding=\"async\" width=\"1024\" height=\"766\" src=\"http:\/\/svetaobitelj.hr\/wp-content\/uploads\/2022\/01\/slika1-1024x766.jpg\" alt=\"\" class=\"wp-image-2091\" srcset=\"https:\/\/svetaobitelj.hr\/wp-content\/uploads\/2022\/01\/slika1-1024x766.jpg 1024w, https:\/\/svetaobitelj.hr\/wp-content\/uploads\/2022\/01\/slika1-300x224.jpg 300w, https:\/\/svetaobitelj.hr\/wp-content\/uploads\/2022\/01\/slika1-768x575.jpg 768w, https:\/\/svetaobitelj.hr\/wp-content\/uploads\/2022\/01\/slika1-1536x1149.jpg 1536w, https:\/\/svetaobitelj.hr\/wp-content\/uploads\/2022\/01\/slika1.jpg 1600w\" sizes=\"auto, (max-width: 1024px) 100vw, 1024px\" \/><\/figure>\n\n\n\n<p>Kakvi bi mi to bili Osje\u010dani da se nismo provozali najljep\u0161im bo\u017ei\u0107nim tramvajem po na\u0161em mi\u0161ljenju u Europi&#8230;. Najvjernije ministrante i pjeva\u010de dje\u010djeg zbora na\u0161e \u017eupe nagradili smo za sav trud, redovne dolaske na svete mise i ljubav prema \u017eupi i Isusu.  Njihovi osmijesi i pjesma tijekom vo\u017enje govore vi\u0161e od rije\u010di. Vo\u017enju smo zapo\u010deli molitvom a onda su na\u0161e malene pjeva\u010dice imale svojih pet minuta. Pjevale su se duhovne i svjetovne pjesme, podijelili smo i slatki\u0161e kojima nas je darivao \u017eupnik fra Dragutin i \u010ditavu vo\u017enju proveli u prekrasnom ambijentu i dru\u017eenju. Ovim putem zahvaljujemo GPP-u na darivanoj vo\u017enji, posebice direktoru gospodinu Dejanu Rusmirovi\u0107u i gospo\u0111i Sanji Mr\u0161o, te gospo\u0111i voza\u010dici koja nas je sigurno provozala \u010ditavim gradom.  Gledaju\u0107i ih koliko su bili radosni sje\u0107amo se Isusovih rije\u010di: &#8220;Budite kao djeca&#8221;!! Svima vam \u017eelimo barem trunku iskrene dje\u010dje radosti i mira u srcu..<\/p>\n\n\n\n<figure class=\"wp-block-image size-large\"><img loading=\"lazy\" decoding=\"async\" width=\"1024\" height=\"768\" src=\"http:\/\/svetaobitelj.hr\/wp-content\/uploads\/2022\/01\/slika2-1024x768.jpg\" alt=\"\" class=\"wp-image-2092\" srcset=\"https:\/\/svetaobitelj.hr\/wp-content\/uploads\/2022\/01\/slika2-1024x768.jpg 1024w, https:\/\/svetaobitelj.hr\/wp-content\/uploads\/2022\/01\/slika2-300x225.jpg 300w, https:\/\/svetaobitelj.hr\/wp-content\/uploads\/2022\/01\/slika2-768x576.jpg 768w, https:\/\/svetaobitelj.hr\/wp-content\/uploads\/2022\/01\/slika2-1536x1152.jpg 1536w, https:\/\/svetaobitelj.hr\/wp-content\/uploads\/2022\/01\/slika2-2048x1536.jpg 2048w\" sizes=\"auto, (max-width: 1024px) 100vw, 1024px\" \/><\/figure>\n\n\n\n<figure class=\"wp-block-image size-large\"><img loading=\"lazy\" decoding=\"async\" width=\"1024\" height=\"768\" src=\"http:\/\/svetaobitelj.hr\/wp-content\/uploads\/2022\/01\/slika3-1024x768.jpg\" alt=\"\" class=\"wp-image-2093\" srcset=\"https:\/\/svetaobitelj.hr\/wp-content\/uploads\/2022\/01\/slika3-1024x768.jpg 1024w, https:\/\/svetaobitelj.hr\/wp-content\/uploads\/2022\/01\/slika3-300x225.jpg 300w, https:\/\/svetaobitelj.hr\/wp-content\/uploads\/2022\/01\/slika3-768x576.jpg 768w, https:\/\/svetaobitelj.hr\/wp-content\/uploads\/2022\/01\/slika3-1536x1152.jpg 1536w, https:\/\/svetaobitelj.hr\/wp-content\/uploads\/2022\/01\/slika3-2048x1536.jpg 2048w\" sizes=\"auto, (max-width: 1024px) 100vw, 1024px\" \/><\/figure>\n","protected":false},"excerpt":{"rendered":"<p>Kakvi bi mi to bili Osje\u010dani da se nismo provozali najljep\u0161im bo\u017ei\u0107nim tramvajem po na\u0161em mi\u0161ljenju u Europi&#8230;. Najvjernije ministrante i pjeva\u010de dje\u010djeg zbora na\u0161e \u017eupe nagradili smo za sav trud, redovne dolaske na svete mise i ljubav prema \u017eupi i Isusu. Njihovi osmijesi i pjesma tijekom vo\u017enje govore vi\u0161e od rije\u010di. Vo\u017enju smo zapo\u010deli <a href=\"https:\/\/svetaobitelj.hr\/?p=2090\" class=\"more-link\">[&hellip;]<\/a><\/p>\n","protected":false},"author":2,"featured_media":0,"comment_status":"closed","ping_status":"open","sticky":false,"template":"","format":"standard","meta":{"footnotes":""},"categories":[3],"tags":[],"class_list":["entry","author-","post-2090","post","type-post","status-publish","format-standard","category-zupa"],"_links":{"self":[{"href":"https:\/\/svetaobitelj.hr\/index.php?rest_route=\/wp\/v2\/posts\/2090","targetHints":{"allow":["GET"]}}],"collection":[{"href":"https:\/\/svetaobitelj.hr\/index.php?rest_route=\/wp\/v2\/posts"}],"about":[{"href":"https:\/\/svetaobitelj.hr\/index.php?rest_route=\/wp\/v2\/types\/post"}],"author":[{"embeddable":true,"href":"https:\/\/svetaobitelj.hr\/index.php?rest_route=\/wp\/v2\/users\/2"}],"replies":[{"embeddable":true,"href":"https:\/\/svetaobitelj.hr\/index.php?rest_route=%2Fwp%2Fv2%2Fcomments&post=2090"}],"version-history":[{"count":1,"href":"https:\/\/svetaobitelj.hr\/index.php?rest_route=\/wp\/v2\/posts\/2090\/revisions"}],"predecessor-version":[{"id":2094,"href":"https:\/\/svetaobitelj.hr\/index.php?rest_route=\/wp\/v2\/posts\/2090\/revisions\/2094"}],"wp:attachment":[{"href":"https:\/\/svetaobitelj.hr\/index.php?rest_route=%2Fwp%2Fv2%2Fmedia&parent=2090"}],"wp:term":[{"taxonomy":"category","embeddable":true,"href":"https:\/\/svetaobitelj.hr\/index.php?rest_route=%2Fwp%2Fv2%2Fcategories&post=2090"},{"taxonomy":"post_tag","embeddable":true,"href":"https:\/\/svetaobitelj.hr\/index.php?rest_route=%2Fwp%2Fv2%2Ftags&post=2090"}],"curies":[{"name":"wp","href":"https:\/\/api.w.org\/{rel}","templated":true}]}}