{"id":2073,"date":"2021-12-28T14:38:06","date_gmt":"2021-12-28T13:38:06","guid":{"rendered":"http:\/\/svetaobitelj.hr\/?p=2073"},"modified":"2021-12-28T14:38:07","modified_gmt":"2021-12-28T13:38:07","slug":"sveta-obitelj","status":"publish","type":"post","link":"https:\/\/svetaobitelj.hr\/?p=2073","title":{"rendered":"Sveta Obitelj"},"content":{"rendered":"\n<figure class=\"wp-block-image size-large\"><img loading=\"lazy\" decoding=\"async\" width=\"1024\" height=\"768\" src=\"http:\/\/svetaobitelj.hr\/wp-content\/uploads\/2021\/12\/slika-1024x768.jpg\" alt=\"\" class=\"wp-image-2074\" srcset=\"https:\/\/svetaobitelj.hr\/wp-content\/uploads\/2021\/12\/slika-1024x768.jpg 1024w, https:\/\/svetaobitelj.hr\/wp-content\/uploads\/2021\/12\/slika-300x225.jpg 300w, https:\/\/svetaobitelj.hr\/wp-content\/uploads\/2021\/12\/slika-768x576.jpg 768w, https:\/\/svetaobitelj.hr\/wp-content\/uploads\/2021\/12\/slika-1536x1152.jpg 1536w, https:\/\/svetaobitelj.hr\/wp-content\/uploads\/2021\/12\/slika-2048x1536.jpg 2048w\" sizes=\"auto, (max-width: 1024px) 100vw, 1024px\" \/><\/figure>\n\n\n\n<p>Proslavili smo blagdan Svete Obitelji, na\u0161 crkveni god. Svetu misu predslavio je fra Josip Ivki\u0107, vicemagistar bogoslova na\u0161e provincije Svetog \u0106irila i Metoda.  Suslavitelji su bili gvardijan osje\u010dkoga bratstva iz Tvr\u0111e fra Venancije Mihaljevi\u0107,  i na\u0161 \u017eupnik fra Dragutin. U svojoj propovijedi fra Josip se dotaknuo va\u017enosti obitelji i odgoja kao temelja svakog \u010dovjeka, te naglasio da odgajati djecu ne zna\u010di popu\u0161tati im, niti da \u0107e \u017eivot u obitelji pro\u0107i bez pote\u0161ko\u0107a, nego dapa\u010de da ih mora biti. Zahvalni fra Josipu na prekrasnoj propovijedi molimo i nadalje Svetu Obitelj za zagovor kod Oca Nebeskoga i neka nam svakodnevno budu uzor kako \u017eivjeti vjerni\u010dki i kr\u0161\u0107anski u obitelji.<\/p>\n","protected":false},"excerpt":{"rendered":"<p>Proslavili smo blagdan Svete Obitelji, na\u0161 crkveni god. Svetu misu predslavio je fra Josip Ivki\u0107, vicemagistar bogoslova na\u0161e provincije Svetog \u0106irila i Metoda. Suslavitelji su bili gvardijan osje\u010dkoga bratstva iz Tvr\u0111e fra Venancije Mihaljevi\u0107, i na\u0161 \u017eupnik fra Dragutin. U svojoj propovijedi fra Josip se dotaknuo va\u017enosti obitelji i odgoja kao temelja svakog \u010dovjeka, te <a href=\"https:\/\/svetaobitelj.hr\/?p=2073\" class=\"more-link\">[&hellip;]<\/a><\/p>\n","protected":false},"author":2,"featured_media":0,"comment_status":"closed","ping_status":"open","sticky":false,"template":"","format":"standard","meta":{"footnotes":""},"categories":[3],"tags":[],"class_list":["entry","author-","post-2073","post","type-post","status-publish","format-standard","category-zupa"],"_links":{"self":[{"href":"https:\/\/svetaobitelj.hr\/index.php?rest_route=\/wp\/v2\/posts\/2073","targetHints":{"allow":["GET"]}}],"collection":[{"href":"https:\/\/svetaobitelj.hr\/index.php?rest_route=\/wp\/v2\/posts"}],"about":[{"href":"https:\/\/svetaobitelj.hr\/index.php?rest_route=\/wp\/v2\/types\/post"}],"author":[{"embeddable":true,"href":"https:\/\/svetaobitelj.hr\/index.php?rest_route=\/wp\/v2\/users\/2"}],"replies":[{"embeddable":true,"href":"https:\/\/svetaobitelj.hr\/index.php?rest_route=%2Fwp%2Fv2%2Fcomments&post=2073"}],"version-history":[{"count":1,"href":"https:\/\/svetaobitelj.hr\/index.php?rest_route=\/wp\/v2\/posts\/2073\/revisions"}],"predecessor-version":[{"id":2075,"href":"https:\/\/svetaobitelj.hr\/index.php?rest_route=\/wp\/v2\/posts\/2073\/revisions\/2075"}],"wp:attachment":[{"href":"https:\/\/svetaobitelj.hr\/index.php?rest_route=%2Fwp%2Fv2%2Fmedia&parent=2073"}],"wp:term":[{"taxonomy":"category","embeddable":true,"href":"https:\/\/svetaobitelj.hr\/index.php?rest_route=%2Fwp%2Fv2%2Fcategories&post=2073"},{"taxonomy":"post_tag","embeddable":true,"href":"https:\/\/svetaobitelj.hr\/index.php?rest_route=%2Fwp%2Fv2%2Ftags&post=2073"}],"curies":[{"name":"wp","href":"https:\/\/api.w.org\/{rel}","templated":true}]}}