{"id":2070,"date":"2021-12-25T21:21:18","date_gmt":"2021-12-25T20:21:18","guid":{"rendered":"http:\/\/svetaobitelj.hr\/?p=2070"},"modified":"2021-12-25T21:21:18","modified_gmt":"2021-12-25T20:21:18","slug":"stef-sretan-ti-imendan","status":"publish","type":"post","link":"https:\/\/svetaobitelj.hr\/?p=2070","title":{"rendered":"\u0160tef &#8211; sretan ti imendan!"},"content":{"rendered":"\n<div class=\"wp-block-image\"><figure class=\"aligncenter size-large\"><img loading=\"lazy\" decoding=\"async\" width=\"500\" height=\"774\" src=\"http:\/\/svetaobitelj.hr\/wp-content\/uploads\/2021\/12\/Stef.jpg\" alt=\"\" class=\"wp-image-2071\" srcset=\"https:\/\/svetaobitelj.hr\/wp-content\/uploads\/2021\/12\/Stef.jpg 500w, https:\/\/svetaobitelj.hr\/wp-content\/uploads\/2021\/12\/Stef-194x300.jpg 194w\" sizes=\"auto, (max-width: 500px) 100vw, 500px\" \/><\/figure><\/div>\n\n\n\n<p>Unato\u010d tome \u0161to ove godine nema liturgijske proslave svetog Stjepana Prvomu\u010denika, mi nismo zaboravili na na\u0161eg fra Stjepana. Dragi na\u0161 \u0160tef, Bogu smo zahvalni \u0161to te imamo, te \u0161to si dobio slu\u017ebu ba\u0161 u na\u0161oj \u017eupi. Iako tih i povu\u010den, itekako je prepoznatljiv u duhovnosti, mirno\u0107i, pobo\u017enosti, blagosti&#8230; Nadamo se da se privikao na sve nas, te da mu ne predstavlja te\u0161ko\u0107u boravak u na\u0161oj \u017eupi. Sretan i blagoslovljen imendan, od srca ti \u017eele tvoji jugovci!<\/p>\n","protected":false},"excerpt":{"rendered":"<p>Unato\u010d tome \u0161to ove godine nema liturgijske proslave svetog Stjepana Prvomu\u010denika, mi nismo zaboravili na na\u0161eg fra Stjepana. Dragi na\u0161 \u0160tef, Bogu smo zahvalni \u0161to te imamo, te \u0161to si dobio slu\u017ebu ba\u0161 u na\u0161oj \u017eupi. Iako tih i povu\u010den, itekako je prepoznatljiv u duhovnosti, mirno\u0107i, pobo\u017enosti, blagosti&#8230; Nadamo se da se privikao na sve <a href=\"https:\/\/svetaobitelj.hr\/?p=2070\" class=\"more-link\">[&hellip;]<\/a><\/p>\n","protected":false},"author":2,"featured_media":0,"comment_status":"closed","ping_status":"open","sticky":false,"template":"","format":"standard","meta":{"footnotes":""},"categories":[3],"tags":[],"class_list":["entry","author-","post-2070","post","type-post","status-publish","format-standard","category-zupa"],"_links":{"self":[{"href":"https:\/\/svetaobitelj.hr\/index.php?rest_route=\/wp\/v2\/posts\/2070","targetHints":{"allow":["GET"]}}],"collection":[{"href":"https:\/\/svetaobitelj.hr\/index.php?rest_route=\/wp\/v2\/posts"}],"about":[{"href":"https:\/\/svetaobitelj.hr\/index.php?rest_route=\/wp\/v2\/types\/post"}],"author":[{"embeddable":true,"href":"https:\/\/svetaobitelj.hr\/index.php?rest_route=\/wp\/v2\/users\/2"}],"replies":[{"embeddable":true,"href":"https:\/\/svetaobitelj.hr\/index.php?rest_route=%2Fwp%2Fv2%2Fcomments&post=2070"}],"version-history":[{"count":1,"href":"https:\/\/svetaobitelj.hr\/index.php?rest_route=\/wp\/v2\/posts\/2070\/revisions"}],"predecessor-version":[{"id":2072,"href":"https:\/\/svetaobitelj.hr\/index.php?rest_route=\/wp\/v2\/posts\/2070\/revisions\/2072"}],"wp:attachment":[{"href":"https:\/\/svetaobitelj.hr\/index.php?rest_route=%2Fwp%2Fv2%2Fmedia&parent=2070"}],"wp:term":[{"taxonomy":"category","embeddable":true,"href":"https:\/\/svetaobitelj.hr\/index.php?rest_route=%2Fwp%2Fv2%2Fcategories&post=2070"},{"taxonomy":"post_tag","embeddable":true,"href":"https:\/\/svetaobitelj.hr\/index.php?rest_route=%2Fwp%2Fv2%2Ftags&post=2070"}],"curies":[{"name":"wp","href":"https:\/\/api.w.org\/{rel}","templated":true}]}}