{"id":2061,"date":"2021-12-25T21:05:23","date_gmt":"2021-12-25T20:05:23","guid":{"rendered":"http:\/\/svetaobitelj.hr\/?p=2061"},"modified":"2021-12-25T21:05:23","modified_gmt":"2021-12-25T20:05:23","slug":"polnocke-2","status":"publish","type":"post","link":"https:\/\/svetaobitelj.hr\/?p=2061","title":{"rendered":"Polno\u0107ke&#8230;"},"content":{"rendered":"\n<figure class=\"wp-block-image size-large\"><img loading=\"lazy\" decoding=\"async\" width=\"1024\" height=\"768\" src=\"http:\/\/svetaobitelj.hr\/wp-content\/uploads\/2021\/12\/slika3-1024x768.jpg\" alt=\"\" class=\"wp-image-2063\" srcset=\"https:\/\/svetaobitelj.hr\/wp-content\/uploads\/2021\/12\/slika3-1024x768.jpg 1024w, https:\/\/svetaobitelj.hr\/wp-content\/uploads\/2021\/12\/slika3-300x225.jpg 300w, https:\/\/svetaobitelj.hr\/wp-content\/uploads\/2021\/12\/slika3-768x576.jpg 768w, https:\/\/svetaobitelj.hr\/wp-content\/uploads\/2021\/12\/slika3-1536x1152.jpg 1536w, https:\/\/svetaobitelj.hr\/wp-content\/uploads\/2021\/12\/slika3-2048x1536.jpg 2048w\" sizes=\"auto, (max-width: 1024px) 100vw, 1024px\" \/><\/figure>\n\n\n\n<p>Iako u posebnim okolnostima, radosno smo do\u010dekali i ovaj Bo\u017ei\u0107. Zapo\u010deli smo prije tzv. dje\u010dje polno\u0107ke uno\u0161enjem betlehemskog svjetla koje su donijeli izvi\u0111a\u010di, te priredbom vjerou\u010denika na\u0161e \u017eupe i dje\u010djeg zbora. Svetu misu predvodio je fra Stjepan. \u017dupna crkva bila je popunjena i u gornjem i u donjem dijelu. Misu u pono\u0107 predslavio je \u017eupnik fra Dragutin.<\/p>\n\n\n\n<figure class=\"wp-block-image size-large\"><img loading=\"lazy\" decoding=\"async\" width=\"1024\" height=\"768\" src=\"http:\/\/svetaobitelj.hr\/wp-content\/uploads\/2021\/12\/slika4-1024x768.jpg\" alt=\"\" class=\"wp-image-2062\" srcset=\"https:\/\/svetaobitelj.hr\/wp-content\/uploads\/2021\/12\/slika4-1024x768.jpg 1024w, https:\/\/svetaobitelj.hr\/wp-content\/uploads\/2021\/12\/slika4-300x225.jpg 300w, https:\/\/svetaobitelj.hr\/wp-content\/uploads\/2021\/12\/slika4-768x576.jpg 768w, https:\/\/svetaobitelj.hr\/wp-content\/uploads\/2021\/12\/slika4-1536x1152.jpg 1536w, https:\/\/svetaobitelj.hr\/wp-content\/uploads\/2021\/12\/slika4-2048x1536.jpg 2048w\" sizes=\"auto, (max-width: 1024px) 100vw, 1024px\" \/><\/figure>\n","protected":false},"excerpt":{"rendered":"<p>Iako u posebnim okolnostima, radosno smo do\u010dekali i ovaj Bo\u017ei\u0107. Zapo\u010deli smo prije tzv. dje\u010dje polno\u0107ke uno\u0161enjem betlehemskog svjetla koje su donijeli izvi\u0111a\u010di, te priredbom vjerou\u010denika na\u0161e \u017eupe i dje\u010djeg zbora. Svetu misu predvodio je fra Stjepan. \u017dupna crkva bila je popunjena i u gornjem i u donjem dijelu. Misu u pono\u0107 predslavio je \u017eupnik <a href=\"https:\/\/svetaobitelj.hr\/?p=2061\" class=\"more-link\">[&hellip;]<\/a><\/p>\n","protected":false},"author":2,"featured_media":0,"comment_status":"closed","ping_status":"open","sticky":false,"template":"","format":"standard","meta":{"footnotes":""},"categories":[3],"tags":[],"class_list":["entry","author-","post-2061","post","type-post","status-publish","format-standard","category-zupa"],"_links":{"self":[{"href":"https:\/\/svetaobitelj.hr\/index.php?rest_route=\/wp\/v2\/posts\/2061","targetHints":{"allow":["GET"]}}],"collection":[{"href":"https:\/\/svetaobitelj.hr\/index.php?rest_route=\/wp\/v2\/posts"}],"about":[{"href":"https:\/\/svetaobitelj.hr\/index.php?rest_route=\/wp\/v2\/types\/post"}],"author":[{"embeddable":true,"href":"https:\/\/svetaobitelj.hr\/index.php?rest_route=\/wp\/v2\/users\/2"}],"replies":[{"embeddable":true,"href":"https:\/\/svetaobitelj.hr\/index.php?rest_route=%2Fwp%2Fv2%2Fcomments&post=2061"}],"version-history":[{"count":1,"href":"https:\/\/svetaobitelj.hr\/index.php?rest_route=\/wp\/v2\/posts\/2061\/revisions"}],"predecessor-version":[{"id":2064,"href":"https:\/\/svetaobitelj.hr\/index.php?rest_route=\/wp\/v2\/posts\/2061\/revisions\/2064"}],"wp:attachment":[{"href":"https:\/\/svetaobitelj.hr\/index.php?rest_route=%2Fwp%2Fv2%2Fmedia&parent=2061"}],"wp:term":[{"taxonomy":"category","embeddable":true,"href":"https:\/\/svetaobitelj.hr\/index.php?rest_route=%2Fwp%2Fv2%2Fcategories&post=2061"},{"taxonomy":"post_tag","embeddable":true,"href":"https:\/\/svetaobitelj.hr\/index.php?rest_route=%2Fwp%2Fv2%2Ftags&post=2061"}],"curies":[{"name":"wp","href":"https:\/\/api.w.org\/{rel}","templated":true}]}}